{"id":979,"date":"2021-03-25T22:04:17","date_gmt":"2021-03-25T20:04:17","guid":{"rendered":"https:\/\/www.barbara-wenz.de\/?p=979"},"modified":"2021-03-25T22:04:17","modified_gmt":"2021-03-25T20:04:17","slug":"ich-bekenne-mich-schuldig","status":"publish","type":"post","link":"https:\/\/www.barbara-wenz.de\/?p=979","title":{"rendered":"Ich bekenne mich schuldig."},"content":{"rendered":"<p>Ich habe heute im Gottesdienst zur Mari\u00e4 Verk\u00fcndigung gesungen. Mit Maske. Vor und hinter mir waren Menschpersonen. In drei Meter Abstand Luftlinie. Ich habe auch nicht wirklich gesungen, weil ich gar nicht singen kann. Und meist auch keine Lust habe zum Singen.<br \/>\nWenn man es mir aber verbietet, starte ich hin und wieder auch mal Versuche, etwas zu intonieren. Streng genommen ist es nicht gesungen, sondern eher halt so intoniert.<br \/>\nGenau wie an Weihnachten. Da habe ich tapfer unter der Maske und mit beginnender Atemnot &#8222;O Du fr\u00f6hliche&#8220; intoniert.<br \/>\n\u00dcber den Unterschied zwischen Gesang und Intonation, dar\u00fcber ein Urteil zu f\u00e4llen, \u00fcberlasse ich der Gerichtsbarkeit des New Reset und dem Urteil der ver\u00f6ffentlichten Meinung. <\/p>\n","protected":false},"excerpt":{"rendered":"<p>Ich habe heute im Gottesdienst zur Mari\u00e4 Verk\u00fcndigung gesungen. Mit Maske. Vor und hinter mir waren Menschpersonen. In drei Meter Abstand Luftlinie. Ich habe auch nicht wirklich gesungen, weil ich gar nicht singen kann. Und meist auch keine Lust habe zum Singen. Wenn man es mir aber verbietet, starte ich hin und wieder auch mal [&hellip;]<\/p>\n","protected":false},"author":2,"featured_media":0,"comment_status":"open","ping_status":"closed","sticky":false,"template":"","format":"standard","meta":{"footnotes":""},"categories":[196,203],"tags":[],"class_list":["post-979","post","type-post","status-publish","format-standard","hentry","category-europa-wohin","category-glosse"],"_links":{"self":[{"href":"https:\/\/www.barbara-wenz.de\/index.php?rest_route=\/wp\/v2\/posts\/979","targetHints":{"allow":["GET"]}}],"collection":[{"href":"https:\/\/www.barbara-wenz.de\/index.php?rest_route=\/wp\/v2\/posts"}],"about":[{"href":"https:\/\/www.barbara-wenz.de\/index.php?rest_route=\/wp\/v2\/types\/post"}],"author":[{"embeddable":true,"href":"https:\/\/www.barbara-wenz.de\/index.php?rest_route=\/wp\/v2\/users\/2"}],"replies":[{"embeddable":true,"href":"https:\/\/www.barbara-wenz.de\/index.php?rest_route=%2Fwp%2Fv2%2Fcomments&post=979"}],"version-history":[{"count":1,"href":"https:\/\/www.barbara-wenz.de\/index.php?rest_route=\/wp\/v2\/posts\/979\/revisions"}],"predecessor-version":[{"id":980,"href":"https:\/\/www.barbara-wenz.de\/index.php?rest_route=\/wp\/v2\/posts\/979\/revisions\/980"}],"wp:attachment":[{"href":"https:\/\/www.barbara-wenz.de\/index.php?rest_route=%2Fwp%2Fv2%2Fmedia&parent=979"}],"wp:term":[{"taxonomy":"category","embeddable":true,"href":"https:\/\/www.barbara-wenz.de\/index.php?rest_route=%2Fwp%2Fv2%2Fcategories&post=979"},{"taxonomy":"post_tag","embeddable":true,"href":"https:\/\/www.barbara-wenz.de\/index.php?rest_route=%2Fwp%2Fv2%2Ftags&post=979"}],"curies":[{"name":"wp","href":"https:\/\/api.w.org\/{rel}","templated":true}]}}