{"id":969,"date":"2021-03-15T16:55:52","date_gmt":"2021-03-15T14:55:52","guid":{"rendered":"https:\/\/www.barbara-wenz.de\/?p=969"},"modified":"2021-03-15T17:37:47","modified_gmt":"2021-03-15T15:37:47","slug":"mandelbluete-an-der-suedlichen-weinstrasse-2021","status":"publish","type":"post","link":"https:\/\/www.barbara-wenz.de\/?p=969","title":{"rendered":"Mandelbl\u00fcte an der S\u00fcdlichen Weinstra\u00dfe 2021"},"content":{"rendered":"<p><img loading=\"lazy\" decoding=\"async\" src=\"https:\/\/www.barbara-wenz.de\/wp-content\/uploads\/2021\/03\/mandelbluete-1-225x300.jpg\" alt=\"\" width=\"225\" height=\"300\" class=\"alignnone size-medium wp-image-970\" data-wp-pid=\"970\" srcset=\"https:\/\/www.barbara-wenz.de\/wp-content\/uploads\/2021\/03\/mandelbluete-1-225x300.jpg 225w, https:\/\/www.barbara-wenz.de\/wp-content\/uploads\/2021\/03\/mandelbluete-1-768x1024.jpg 768w, https:\/\/www.barbara-wenz.de\/wp-content\/uploads\/2021\/03\/mandelbluete-1-113x150.jpg 113w, https:\/\/www.barbara-wenz.de\/wp-content\/uploads\/2021\/03\/mandelbluete-1-1152x1536.jpg 1152w, https:\/\/www.barbara-wenz.de\/wp-content\/uploads\/2021\/03\/mandelbluete-1-1536x2048.jpg 1536w, https:\/\/www.barbara-wenz.de\/wp-content\/uploads\/2021\/03\/mandelbluete-1-1200x1600.jpg 1200w, https:\/\/www.barbara-wenz.de\/wp-content\/uploads\/2021\/03\/mandelbluete-1-scaled.jpg 1920w\" sizes=\"auto, (max-width: 225px) 100vw, 225px\" \/><\/p>\n<p>Das Bild wurde bereits vor zehn Tagen aufgenommen.<br \/>\nDer M\u00e4rz ist traditionell der Startschuss der Saison und bietet bereits das erste touristische Highlight der S\u00fcdpfalz &#8211; n\u00e4mlich \u00fcber 70 Kilometer zartrose bl\u00fchende Mandelb\u00e4ume entlang der Weinstra\u00dfe. Es ist jedes Jahr ein erhebender Anblick &#8211; ringsum noch kein Gr\u00fcn, bis auf ein wenig Wei\u00dfdorn oder ein paar Fr\u00fchbl\u00fcher &#8211; und dann dieses rosa Bl\u00fctenmeer. So m\u00fcssen sich Japaner beim Kirschbl\u00fctenfest f\u00fchlen.<br \/>\nAuch ich habe k\u00fcrzlich geschaut, wie weit es schon ist mit der Bl\u00fcte. Aber ganz ehrlich, wenn man halt nirgendwo einkehren kann ist die Pallz zwar immer noch sch\u00f6n, aber es fehlt halt was Entscheidendes.<br \/>\nZudem halten die Menschen es kaum noch aus. Auch hartgesottene und weniger sensible Gem\u00fcter als ich bekommen es an die Nerven. Es ist doch kein Dauerzustand immer nur zu schauen, wo es noch schlechter geht &#8211; nach Italien zum Beispiel, die stehen erneut vor dem totalen lockdown. Ansonsten geht es ja \u00fcbrigens \u00fcberall besser, jedenfalls mit der Impferei. <\/p>\n<p><img loading=\"lazy\" decoding=\"async\" src=\"https:\/\/www.barbara-wenz.de\/wp-content\/uploads\/2021\/03\/mandel2-225x300.jpg\" alt=\"\" width=\"225\" height=\"300\" class=\"alignnone size-medium wp-image-974\" data-wp-pid=\"974\" srcset=\"https:\/\/www.barbara-wenz.de\/wp-content\/uploads\/2021\/03\/mandel2-225x300.jpg 225w, https:\/\/www.barbara-wenz.de\/wp-content\/uploads\/2021\/03\/mandel2-768x1024.jpg 768w, https:\/\/www.barbara-wenz.de\/wp-content\/uploads\/2021\/03\/mandel2-113x150.jpg 113w, https:\/\/www.barbara-wenz.de\/wp-content\/uploads\/2021\/03\/mandel2-1152x1536.jpg 1152w, https:\/\/www.barbara-wenz.de\/wp-content\/uploads\/2021\/03\/mandel2-1536x2048.jpg 1536w, https:\/\/www.barbara-wenz.de\/wp-content\/uploads\/2021\/03\/mandel2-1200x1600.jpg 1200w, https:\/\/www.barbara-wenz.de\/wp-content\/uploads\/2021\/03\/mandel2-scaled.jpg 1920w\" sizes=\"auto, (max-width: 225px) 100vw, 225px\" \/> <\/p>\n","protected":false},"excerpt":{"rendered":"<p>Das Bild wurde bereits vor zehn Tagen aufgenommen. Der M\u00e4rz ist traditionell der Startschuss der Saison und bietet bereits das erste touristische Highlight der S\u00fcdpfalz &#8211; n\u00e4mlich \u00fcber 70 Kilometer zartrose bl\u00fchende Mandelb\u00e4ume entlang der Weinstra\u00dfe. Es ist jedes Jahr ein erhebender Anblick &#8211; ringsum noch kein Gr\u00fcn, bis auf ein wenig Wei\u00dfdorn oder ein [&hellip;]<\/p>\n","protected":false},"author":2,"featured_media":0,"comment_status":"open","ping_status":"closed","sticky":false,"template":"","format":"standard","meta":{"footnotes":""},"categories":[308,196],"tags":[],"class_list":["post-969","post","type-post","status-publish","format-standard","hentry","category-die-pfalz","category-europa-wohin"],"_links":{"self":[{"href":"https:\/\/www.barbara-wenz.de\/index.php?rest_route=\/wp\/v2\/posts\/969","targetHints":{"allow":["GET"]}}],"collection":[{"href":"https:\/\/www.barbara-wenz.de\/index.php?rest_route=\/wp\/v2\/posts"}],"about":[{"href":"https:\/\/www.barbara-wenz.de\/index.php?rest_route=\/wp\/v2\/types\/post"}],"author":[{"embeddable":true,"href":"https:\/\/www.barbara-wenz.de\/index.php?rest_route=\/wp\/v2\/users\/2"}],"replies":[{"embeddable":true,"href":"https:\/\/www.barbara-wenz.de\/index.php?rest_route=%2Fwp%2Fv2%2Fcomments&post=969"}],"version-history":[{"count":4,"href":"https:\/\/www.barbara-wenz.de\/index.php?rest_route=\/wp\/v2\/posts\/969\/revisions"}],"predecessor-version":[{"id":975,"href":"https:\/\/www.barbara-wenz.de\/index.php?rest_route=\/wp\/v2\/posts\/969\/revisions\/975"}],"wp:attachment":[{"href":"https:\/\/www.barbara-wenz.de\/index.php?rest_route=%2Fwp%2Fv2%2Fmedia&parent=969"}],"wp:term":[{"taxonomy":"category","embeddable":true,"href":"https:\/\/www.barbara-wenz.de\/index.php?rest_route=%2Fwp%2Fv2%2Fcategories&post=969"},{"taxonomy":"post_tag","embeddable":true,"href":"https:\/\/www.barbara-wenz.de\/index.php?rest_route=%2Fwp%2Fv2%2Ftags&post=969"}],"curies":[{"name":"wp","href":"https:\/\/api.w.org\/{rel}","templated":true}]}}