{"id":944,"date":"2021-01-30T21:55:25","date_gmt":"2021-01-30T19:55:25","guid":{"rendered":"https:\/\/www.barbara-wenz.de\/?p=944"},"modified":"2021-01-30T21:55:25","modified_gmt":"2021-01-30T19:55:25","slug":"als-auenkind","status":"publish","type":"post","link":"https:\/\/www.barbara-wenz.de\/?p=944","title":{"rendered":"Als Auenkind"},"content":{"rendered":"<p>bin ich mit ganz normalem Hochwasser aufgewachsen. Zur Zeit haben wir einen Pegel von 8,30 m. Es sind ja nichtmal Schutzw\u00e4nde aufgestellt. Die Polder sind noch nicht geflutet worden. <\/p>\n<p>Es ist einfach DIENSTAG im Auenland. Nichts weiter. In meiner Kindheit gab es noch keine Polder und einen Moment, an dem ich mit meinem sehr besorgten Papa auf dem Deich stand. Der Rhein leckte knapp zehn Zentimeter unter der Deichkrone, der Regen ging weiter. Ich wei\u00df nicht, wie hoch der Pegel an dem Tag war, ziemlich schwer \u00fcber 9 vermutlich. Eher 9,50 oder etwas dar\u00fcber. W\u00e4re der Deich gebrochen, h\u00e4tte es uns erwischt. Es gab ja noch keine Polder. Das war der kritischste Moment, den ich als Auenkind erlebt habe. Acqua alta ist zwei bis drei Mal im Jahr am Oberrhein die Regel gewesen. Und ist es &#8211; wenn auch nur noch etwa ein Mal Mitte Ende Januar des Jahres, wenn es noch dazu viel regnet, immer noch.<br \/>\nWir leben im Rhythmus des Stromes. Auch wenn ich das Meer manchmal vermisse &#8211; der Strom hat seine eigenen Tiden, seine eigenen, herrlichen Landschaften, die auch unendlich vielf\u00e4ltig sind und nach der letzten \u00dcberflutung aufbl\u00fchen und fruchtbar werden wie anderswo eine Vulkanlandschaft nach einem Ausbruch. Ich bin mit Hochwasser aufgewachsen, mit Ehrfurcht vor dieser Gewalt. Aber es war eine wiederkehrende Erfahrung. Nichts, womit ich nicht h\u00e4tte umgehen k\u00f6nnen. Eines der wenigen Dinge, mit denen es mir immer noch gelingt umzugehen. <\/p>\n","protected":false},"excerpt":{"rendered":"<p>bin ich mit ganz normalem Hochwasser aufgewachsen. Zur Zeit haben wir einen Pegel von 8,30 m. Es sind ja nichtmal Schutzw\u00e4nde aufgestellt. Die Polder sind noch nicht geflutet worden. Es ist einfach DIENSTAG im Auenland. Nichts weiter. In meiner Kindheit gab es noch keine Polder und einen Moment, an dem ich mit meinem sehr besorgten [&hellip;]<\/p>\n","protected":false},"author":2,"featured_media":0,"comment_status":"open","ping_status":"closed","sticky":false,"template":"","format":"standard","meta":{"footnotes":""},"categories":[308],"tags":[],"class_list":["post-944","post","type-post","status-publish","format-standard","hentry","category-die-pfalz"],"_links":{"self":[{"href":"https:\/\/www.barbara-wenz.de\/index.php?rest_route=\/wp\/v2\/posts\/944","targetHints":{"allow":["GET"]}}],"collection":[{"href":"https:\/\/www.barbara-wenz.de\/index.php?rest_route=\/wp\/v2\/posts"}],"about":[{"href":"https:\/\/www.barbara-wenz.de\/index.php?rest_route=\/wp\/v2\/types\/post"}],"author":[{"embeddable":true,"href":"https:\/\/www.barbara-wenz.de\/index.php?rest_route=\/wp\/v2\/users\/2"}],"replies":[{"embeddable":true,"href":"https:\/\/www.barbara-wenz.de\/index.php?rest_route=%2Fwp%2Fv2%2Fcomments&post=944"}],"version-history":[{"count":1,"href":"https:\/\/www.barbara-wenz.de\/index.php?rest_route=\/wp\/v2\/posts\/944\/revisions"}],"predecessor-version":[{"id":945,"href":"https:\/\/www.barbara-wenz.de\/index.php?rest_route=\/wp\/v2\/posts\/944\/revisions\/945"}],"wp:attachment":[{"href":"https:\/\/www.barbara-wenz.de\/index.php?rest_route=%2Fwp%2Fv2%2Fmedia&parent=944"}],"wp:term":[{"taxonomy":"category","embeddable":true,"href":"https:\/\/www.barbara-wenz.de\/index.php?rest_route=%2Fwp%2Fv2%2Fcategories&post=944"},{"taxonomy":"post_tag","embeddable":true,"href":"https:\/\/www.barbara-wenz.de\/index.php?rest_route=%2Fwp%2Fv2%2Ftags&post=944"}],"curies":[{"name":"wp","href":"https:\/\/api.w.org\/{rel}","templated":true}]}}