{"id":892,"date":"2020-10-29T14:54:06","date_gmt":"2020-10-29T12:54:06","guid":{"rendered":"https:\/\/www.barbara-wenz.de\/?p=892"},"modified":"2020-10-29T15:25:00","modified_gmt":"2020-10-29T13:25:00","slug":"mein-mittelitalien-fuehrer-poetische-pilgerorte-geht-in-die-zweite-auflage","status":"publish","type":"post","link":"https:\/\/www.barbara-wenz.de\/?p=892","title":{"rendered":"Mein Mittelitalien-F\u00fchrer &#8222;Poetische Pilgerorte&#8220; geht in die zweite Auflage"},"content":{"rendered":"<p><img decoding=\"async\" src=\"https:\/\/www.barbara-wenz.de\/wp-content\/uploads\/2020\/10\/IMG_20201029_134326-scaled.jpg\"heigth=\"400\"width=\"300\"alt=\"\"align=\"right\"\/><br \/>\nEs ist soweit &#8211; und ich glaube, es kann keinen besseren Zeitpunkt geben als diesen: Viele Menschen, viele gl\u00e4ubige Menschen sehnen sich nach dem S\u00fcden. Doch wir leben in einer dramatischen Zeit. Auch in Italien steigen die Zahlen wieder erschreckend an, gleichzeitig nimmt die Sehnsucht zu: Nach Rom, nach Loreto, nach Norcia zum heiligen Benedikt, nach Manoppello zum r\u00e4tselhaften Antlitz Christi, nach Lanciano mit seinem eucharistischen Wunder.<br \/>\n<a href=\"https:\/\/www.barbara-wenz.de\/?page_id=12\" rel=\"noopener noreferrer\" target=\"_blank\">Vor gut einem Jahrzehnt erschien mein literarischer Reisef\u00fchrer im Michael M\u00fcller Verlag Aachen<\/a>. Seither ist viel geschehen, vieles hat sich ge\u00e4ndert. Mit dem pl\u00f6tzlichen und unerwarteten Tod von Michael M\u00fcller im Februar 2014 hat die katholische Kirche in Deutschland eine beeindruckende Verleger- und Journalistenpers\u00f6nlichkeit verloren. Ich behalte ihn in sehr guter Erinnerung, denn unsere Zusammenarbeit war von Aufrichtigkeit und Vertrauen gepr\u00e4gt.<br \/>\nNun hat es Bernhard M\u00fcller von fe-medien in Kisslegg unternommen, mein damals im Aachener Verlag zuerst erschienenes Pilgerbuch erneut aufzulegen. Der Zeitpunkt passt wie kein anderer. Ich w\u00fcnsche meinem Buch, dass es viele Leser findet, die sich ihre Sehnsucht bewahrt haben und &#8211; wenn es momentan nicht anders geht &#8211; mit meinen Texten auf eine Entdeckungsreise vom Lesesessel aus nach Mittelitalien aufbrechen m\u00f6chten. Und nebenzu ist das Buch ein wundersch\u00f6nes Weihnachtsgeschenk. Besonders gefreut hat mich, dass sich fe-medien dazu entschlossen hat, die wundersch\u00f6nen Fotos aus Italien, der jeweiligen Heiligt\u00fcmer, auch in der zweiten Auflage farbig abzudrucken und in das Buch wieder mitaufzunehmen.<br \/>\nWer es von mir pers\u00f6nlich signiert haben m\u00f6chte, schickt mir einfach eine Nachricht \u00fcber das Kontaktformular.<\/p>\n<p>Barbara Wenz: Poetische Pilgerorte &#8211; Reisen ins mystische Mittelitalien<br \/>\nFe-Medienverlags GmbH Kisslegg, 2020<br \/>\nISBN 978-3-86357-285-3<br \/>\nwww.fe-medien.de<\/p>\n","protected":false},"excerpt":{"rendered":"<p>Es ist soweit &#8211; und ich glaube, es kann keinen besseren Zeitpunkt geben als diesen: Viele Menschen, viele gl\u00e4ubige Menschen sehnen sich nach dem S\u00fcden. Doch wir leben in einer dramatischen Zeit. Auch in Italien steigen die Zahlen wieder erschreckend an, gleichzeitig nimmt die Sehnsucht zu: Nach Rom, nach Loreto, nach Norcia zum heiligen Benedikt, [&hellip;]<\/p>\n","protected":false},"author":2,"featured_media":0,"comment_status":"open","ping_status":"closed","sticky":false,"template":"","format":"standard","meta":{"footnotes":""},"categories":[1,16,195,10,89,83],"tags":[],"class_list":["post-892","post","type-post","status-publish","format-standard","hentry","category-allgemein","category-heiligtum-der-besonderen-art","category-italien","category-meine-buecher","category-poetische-pilgerorte","category-veroeffentlichungen"],"_links":{"self":[{"href":"https:\/\/www.barbara-wenz.de\/index.php?rest_route=\/wp\/v2\/posts\/892","targetHints":{"allow":["GET"]}}],"collection":[{"href":"https:\/\/www.barbara-wenz.de\/index.php?rest_route=\/wp\/v2\/posts"}],"about":[{"href":"https:\/\/www.barbara-wenz.de\/index.php?rest_route=\/wp\/v2\/types\/post"}],"author":[{"embeddable":true,"href":"https:\/\/www.barbara-wenz.de\/index.php?rest_route=\/wp\/v2\/users\/2"}],"replies":[{"embeddable":true,"href":"https:\/\/www.barbara-wenz.de\/index.php?rest_route=%2Fwp%2Fv2%2Fcomments&post=892"}],"version-history":[{"count":8,"href":"https:\/\/www.barbara-wenz.de\/index.php?rest_route=\/wp\/v2\/posts\/892\/revisions"}],"predecessor-version":[{"id":902,"href":"https:\/\/www.barbara-wenz.de\/index.php?rest_route=\/wp\/v2\/posts\/892\/revisions\/902"}],"wp:attachment":[{"href":"https:\/\/www.barbara-wenz.de\/index.php?rest_route=%2Fwp%2Fv2%2Fmedia&parent=892"}],"wp:term":[{"taxonomy":"category","embeddable":true,"href":"https:\/\/www.barbara-wenz.de\/index.php?rest_route=%2Fwp%2Fv2%2Fcategories&post=892"},{"taxonomy":"post_tag","embeddable":true,"href":"https:\/\/www.barbara-wenz.de\/index.php?rest_route=%2Fwp%2Fv2%2Ftags&post=892"}],"curies":[{"name":"wp","href":"https:\/\/api.w.org\/{rel}","templated":true}]}}