{"id":81,"date":"2014-06-14T13:25:52","date_gmt":"2014-06-14T11:25:52","guid":{"rendered":"http:\/\/www.barbara-wenz.de\/?p=81"},"modified":"2014-06-14T14:10:22","modified_gmt":"2014-06-14T12:10:22","slug":"das-farnese-komplott-die-pressemitteilung-ging-raus","status":"publish","type":"post","link":"https:\/\/www.barbara-wenz.de\/?p=81","title":{"rendered":"Das Farnese-Komplott &#8211; die Pressemitteilung ging raus"},"content":{"rendered":"<p>Pressemitteilung<br \/>\n\u00bbDas Farnese-Komplott\u00ab von Barbara Wenz \u2013 Der neue Vatikan-Krimi!<br \/>\nLiebe Kolleginnen und Kollegen in den Medien,<\/p>\n<p>am 18. Juni 2014 erscheint der neue Kriminalroman Das Farnese-Komplott von Barbara Wenz. Gut recherchiert, gleicherma\u00dfen humorvoll wie poetisch hat die Autorin einen sehr spannenden Plot rund um den \u201eSchleier der Veronika\u201c entwickelt, der durch seine Atmosph\u00e4re besticht. Das Italien-Flair und die Aura des Vatikan sind so stimmungsvoll ausgearbeitet, dass den Leser glatt das Fernweh packt.<\/p>\n<p> Gerne senden wir Ihnen Rezensions- oder Verlosungsexemplare. Die Autorin steht f\u00fcr Interviews zur Verf\u00fcgung.  \u00dcber Ihre Berichterstattung freuen wir uns sehr.<\/p>\n<p>Barbara Wenz<br \/>\nDas Farnese-Komplott<br \/>\nKriminalroman<br \/>\nBroschur<br \/>\nK\u00f6ln: Emons Verlag 2014<br \/>\nISBN 978-3-95451-313-0<br \/>\n224 Seiten<br \/>\n\u20ac [D] 9,90 \u20ac [A] 10,20<br \/>\nErscheint am 18. Juni 2014<\/p>\n<p>Der Vatikan-Krimi!<\/p>\n<p>Kurz bevor Krista Winther die Nachfolge des deutschen Rom-Korrespondenten Manfred Moorstein antreten kann, verschwindet er spurlos: Die verw\u00fcstete Wohnung weist auf ein Verbrechen hin. Gemeinsam mit Monsignore Lorenzo Farnese und dem vatikanischen Gendarm Gabriele Cairo macht sich Krista auf die Suche nach den Hintergr\u00fcnden und erf\u00e4hrt, dass ein mysteri\u00f6ser Schleier mit dem Antlitz Christi eine besondere Rolle spielt. Was hat die wertvollste Reliquie der Christenheit mit dem Fall zu tun?<\/p>\n<p>Ein Krimi rund um den \u00bbSchleier der Veronika\u00ab<\/p>\n<p>Mit ihrem neuen Krimi \u00bbDas Farnese-Komplott\u00ab ist Barbara Wenz ein thematisch dichter Roman gelungen, der Geschichte und Gegenwart geschickt miteinander verwebt. Das Ermittlertrio, bestehend aus der deutschen Journalistin Krista Winther, Monsignore Lorenzo Farnese und Ispettore Cairo, ist unkonventionell und authentisch. Italien wird durch die Augen der Rom-Korrespondentin mit viel Sympathie, doch zugleich mit unverstelltem Blick gezeigt. Das Italien-Flair und die Aura des Vatikan, ein ganz und gar mystischer Ort, sind so sch\u00f6n ausgearbeitet, dass den Leser glatt das Fernweh packt. Gut recherchiert, unaufdringlich detailliert, gleicherma\u00dfen humorvoll wie poetisch hat die Autorin einen Plot entwickelt, der durch seine Atmosph\u00e4re besticht. Sie trifft den Ton perfekt und spannt den Leser bis zur letzten Seite gekonnt auf die Folter. Ein Krimi f\u00fcr Italienliebhaber und solche, die es werden wollen.<\/p>\n<p>Barbara Wenz, geboren 1967 in der S\u00fcdpfalz, lebt und arbeitet als Autorin und freie Journalistin seit \u00fcber zehn Jahren in Mittelitalien, schreibt u. a. f\u00fcr das Vatican-Magazin und hat bereits einen literarischen Reisef\u00fchrer \u00fcber bekannte und unbekannte Pilgerorte in Mittelitalien ver\u00f6ffentlicht. <\/p>\n<p>Emons Verlag GmbH<br \/>\nL\u00fctticher Str. 38<br \/>\n50674 K\u00f6ln<br \/>\n<a href=\"http:\/\/www.emons-verlag.de\/programm\/das-farnese-komplott\"target=\"_blank\">Link zur Buchvorstellung auf der Verlagsseite<\/a><br \/>\nEmail Pressekontakte: schmidt [at] emons-verlag.de<\/p>\n","protected":false},"excerpt":{"rendered":"<p>Pressemitteilung \u00bbDas Farnese-Komplott\u00ab von Barbara Wenz \u2013 Der neue Vatikan-Krimi! Liebe Kolleginnen und Kollegen in den Medien, am 18. Juni 2014 erscheint der neue Kriminalroman Das Farnese-Komplott von Barbara Wenz. Gut recherchiert, gleicherma\u00dfen humorvoll wie poetisch hat die Autorin einen sehr spannenden Plot rund um den \u201eSchleier der Veronika\u201c entwickelt, der durch seine Atmosph\u00e4re besticht. [&hellip;]<\/p>\n","protected":false},"author":2,"featured_media":0,"comment_status":"open","ping_status":"closed","sticky":false,"template":"","format":"standard","meta":{"footnotes":""},"categories":[20,10],"tags":[147,22,24,23,21],"class_list":["post-81","post","type-post","status-publish","format-standard","hentry","category-das-farnese-komplott","category-meine-buecher","tag-das-farnese-komplott","tag-kirchenkrimi","tag-religious-thriller","tag-romkrimi","tag-vatikankrimi"],"_links":{"self":[{"href":"https:\/\/www.barbara-wenz.de\/index.php?rest_route=\/wp\/v2\/posts\/81","targetHints":{"allow":["GET"]}}],"collection":[{"href":"https:\/\/www.barbara-wenz.de\/index.php?rest_route=\/wp\/v2\/posts"}],"about":[{"href":"https:\/\/www.barbara-wenz.de\/index.php?rest_route=\/wp\/v2\/types\/post"}],"author":[{"embeddable":true,"href":"https:\/\/www.barbara-wenz.de\/index.php?rest_route=\/wp\/v2\/users\/2"}],"replies":[{"embeddable":true,"href":"https:\/\/www.barbara-wenz.de\/index.php?rest_route=%2Fwp%2Fv2%2Fcomments&post=81"}],"version-history":[{"count":3,"href":"https:\/\/www.barbara-wenz.de\/index.php?rest_route=\/wp\/v2\/posts\/81\/revisions"}],"predecessor-version":[{"id":84,"href":"https:\/\/www.barbara-wenz.de\/index.php?rest_route=\/wp\/v2\/posts\/81\/revisions\/84"}],"wp:attachment":[{"href":"https:\/\/www.barbara-wenz.de\/index.php?rest_route=%2Fwp%2Fv2%2Fmedia&parent=81"}],"wp:term":[{"taxonomy":"category","embeddable":true,"href":"https:\/\/www.barbara-wenz.de\/index.php?rest_route=%2Fwp%2Fv2%2Fcategories&post=81"},{"taxonomy":"post_tag","embeddable":true,"href":"https:\/\/www.barbara-wenz.de\/index.php?rest_route=%2Fwp%2Fv2%2Ftags&post=81"}],"curies":[{"name":"wp","href":"https:\/\/api.w.org\/{rel}","templated":true}]}}