{"id":802,"date":"2020-05-23T14:31:03","date_gmt":"2020-05-23T12:31:03","guid":{"rendered":"https:\/\/www.barbara-wenz.de\/?p=802"},"modified":"2020-05-26T13:16:28","modified_gmt":"2020-05-26T11:16:28","slug":"neue-arbeiten-von-mir","status":"publish","type":"post","link":"https:\/\/www.barbara-wenz.de\/?p=802","title":{"rendered":"Neue Arbeiten von mir"},"content":{"rendered":"<p>Vergangene Woche erschien aktuell in der katholischen Wochenzeitung &#8222;Die Tagespost&#8220; ein St\u00fcck von mir \u00fcber die <a href=\"https:\/\/www.die-tagespost.de\/kirche-aktuell\/aktuell\/beten-fuer-bischoefe;art4874,208515\" rel=\"noopener noreferrer\" target=\"_blank\">Initiative &#8222;Beten f\u00fcr Bisch\u00f6fe&#8220;<\/a>, die derzeit immer weitere Kreise zieht.<\/p>\n<p>Im <a href=\"http:\/\/www.vatican-magazin.de\" rel=\"noopener noreferrer\" target=\"_blank\"> Vatican-Magazin<\/a> Ausgabe Juni\/Juli 2020 habe ich \u00fcber das geistliche Paar David und Abigajil in der gleichnamigen Rubrik geschrieben. Au\u00dferdem wird ein Essay von mir kommen \u00fcber Leo Graf Tolstoi und eine ganze Schule von Religionsphilosophen, die sich ihm entgegenstellten &#8211; allen voran der auch im Westen durch seine &#8222;Kurze Erz\u00e4hlung vom Antichristen&#8220; gut bekannte Philosoph und Dichter Wladimir Solowjow [Solov&#8217;ev].<br \/>\n<strong>Update: Der Essay zu Tolstois Gegnern wird nun erst im Heft August-September 20 erscheinen.<\/strong> <\/p>\n","protected":false},"excerpt":{"rendered":"<p>Vergangene Woche erschien aktuell in der katholischen Wochenzeitung &#8222;Die Tagespost&#8220; ein St\u00fcck von mir \u00fcber die Initiative &#8222;Beten f\u00fcr Bisch\u00f6fe&#8220;, die derzeit immer weitere Kreise zieht. Im Vatican-Magazin Ausgabe Juni\/Juli 2020 habe ich \u00fcber das geistliche Paar David und Abigajil in der gleichnamigen Rubrik geschrieben. Au\u00dferdem wird ein Essay von mir kommen \u00fcber Leo Graf [&hellip;]<\/p>\n","protected":false},"author":2,"featured_media":0,"comment_status":"open","ping_status":"closed","sticky":false,"template":"","format":"standard","meta":{"footnotes":""},"categories":[1,71,121,83],"tags":[],"class_list":["post-802","post","type-post","status-publish","format-standard","hentry","category-allgemein","category-literatur","category-orthodoxe-kirche-2","category-veroeffentlichungen"],"_links":{"self":[{"href":"https:\/\/www.barbara-wenz.de\/index.php?rest_route=\/wp\/v2\/posts\/802","targetHints":{"allow":["GET"]}}],"collection":[{"href":"https:\/\/www.barbara-wenz.de\/index.php?rest_route=\/wp\/v2\/posts"}],"about":[{"href":"https:\/\/www.barbara-wenz.de\/index.php?rest_route=\/wp\/v2\/types\/post"}],"author":[{"embeddable":true,"href":"https:\/\/www.barbara-wenz.de\/index.php?rest_route=\/wp\/v2\/users\/2"}],"replies":[{"embeddable":true,"href":"https:\/\/www.barbara-wenz.de\/index.php?rest_route=%2Fwp%2Fv2%2Fcomments&post=802"}],"version-history":[{"count":3,"href":"https:\/\/www.barbara-wenz.de\/index.php?rest_route=\/wp\/v2\/posts\/802\/revisions"}],"predecessor-version":[{"id":807,"href":"https:\/\/www.barbara-wenz.de\/index.php?rest_route=\/wp\/v2\/posts\/802\/revisions\/807"}],"wp:attachment":[{"href":"https:\/\/www.barbara-wenz.de\/index.php?rest_route=%2Fwp%2Fv2%2Fmedia&parent=802"}],"wp:term":[{"taxonomy":"category","embeddable":true,"href":"https:\/\/www.barbara-wenz.de\/index.php?rest_route=%2Fwp%2Fv2%2Fcategories&post=802"},{"taxonomy":"post_tag","embeddable":true,"href":"https:\/\/www.barbara-wenz.de\/index.php?rest_route=%2Fwp%2Fv2%2Ftags&post=802"}],"curies":[{"name":"wp","href":"https:\/\/api.w.org\/{rel}","templated":true}]}}