{"id":775,"date":"2020-05-01T17:21:01","date_gmt":"2020-05-01T15:21:01","guid":{"rendered":"https:\/\/www.barbara-wenz.de\/?p=775"},"modified":"2020-05-01T17:21:01","modified_gmt":"2020-05-01T15:21:01","slug":"freudentraenen","status":"publish","type":"post","link":"https:\/\/www.barbara-wenz.de\/?p=775","title":{"rendered":"Freudentr\u00e4nen"},"content":{"rendered":"<p>Ich sitze gerade hier und weine vor Freude, und nein, ich \u00fcbertreibe nicht, obwohl die Hyperbel mein Lieblingsstilmittel ist.<\/p>\n<p>In meiner deutschen Gemeinde hier wird am Sonntag wieder heilige Messe gefeiert werden, nat\u00fcrlich mit Auflagen und Vorschriften, aber egal. Ich bin so gl\u00fccklich und auch das ist keine Hyperbel, denn ich schaffte es ab und zu eben nicht, meine Sonntagsvorschrift zu erf\u00fcllen. Das ist nicht gut und muss anders sein. In dieser Zeit habe ich schmerzlich erfahren, was mir fehlt und eben hin und wieder doch nur eine Pflicht war, die ich zu erf\u00fcllen hatte.<\/p>\n<p>Nun wird mir erst bewusst, was zu meinem &#8222;normalen Leben&#8220; einfach dazugeh\u00f6rt, selbstverst\u00e4ndlicherweise. Es ist ein St\u00fcck R\u00fcckeroberung und &#8222;schw\u00e4nzen&#8220; werde ich mir in Zukunft nicht mehr erlauben. Am meisten aber sehne ich mich auch nach der M\u00f6glichkeit, wieder beichten zu k\u00f6nnen.<br \/>\nEine alte Freundin, die mit mir studiert hatte, habe ich neulich mal wieder angerufen. Sie mag das Thema katholische Kirche ganz und gar nicht, aber ich habe mich extra bei ihr bedankt, dass sie gleich zu Beginn des Telefonats danach fragte, wie es denn ginge mit Ostern ohne Gottesdienste. <\/p>\n","protected":false},"excerpt":{"rendered":"<p>Ich sitze gerade hier und weine vor Freude, und nein, ich \u00fcbertreibe nicht, obwohl die Hyperbel mein Lieblingsstilmittel ist. In meiner deutschen Gemeinde hier wird am Sonntag wieder heilige Messe gefeiert werden, nat\u00fcrlich mit Auflagen und Vorschriften, aber egal. Ich bin so gl\u00fccklich und auch das ist keine Hyperbel, denn ich schaffte es ab und [&hellip;]<\/p>\n","protected":false},"author":2,"featured_media":0,"comment_status":"open","ping_status":"closed","sticky":false,"template":"","format":"standard","meta":{"footnotes":""},"categories":[1],"tags":[],"class_list":["post-775","post","type-post","status-publish","format-standard","hentry","category-allgemein"],"_links":{"self":[{"href":"https:\/\/www.barbara-wenz.de\/index.php?rest_route=\/wp\/v2\/posts\/775","targetHints":{"allow":["GET"]}}],"collection":[{"href":"https:\/\/www.barbara-wenz.de\/index.php?rest_route=\/wp\/v2\/posts"}],"about":[{"href":"https:\/\/www.barbara-wenz.de\/index.php?rest_route=\/wp\/v2\/types\/post"}],"author":[{"embeddable":true,"href":"https:\/\/www.barbara-wenz.de\/index.php?rest_route=\/wp\/v2\/users\/2"}],"replies":[{"embeddable":true,"href":"https:\/\/www.barbara-wenz.de\/index.php?rest_route=%2Fwp%2Fv2%2Fcomments&post=775"}],"version-history":[{"count":1,"href":"https:\/\/www.barbara-wenz.de\/index.php?rest_route=\/wp\/v2\/posts\/775\/revisions"}],"predecessor-version":[{"id":776,"href":"https:\/\/www.barbara-wenz.de\/index.php?rest_route=\/wp\/v2\/posts\/775\/revisions\/776"}],"wp:attachment":[{"href":"https:\/\/www.barbara-wenz.de\/index.php?rest_route=%2Fwp%2Fv2%2Fmedia&parent=775"}],"wp:term":[{"taxonomy":"category","embeddable":true,"href":"https:\/\/www.barbara-wenz.de\/index.php?rest_route=%2Fwp%2Fv2%2Fcategories&post=775"},{"taxonomy":"post_tag","embeddable":true,"href":"https:\/\/www.barbara-wenz.de\/index.php?rest_route=%2Fwp%2Fv2%2Ftags&post=775"}],"curies":[{"name":"wp","href":"https:\/\/api.w.org\/{rel}","templated":true}]}}