{"id":725,"date":"2020-04-03T15:57:29","date_gmt":"2020-04-03T13:57:29","guid":{"rendered":"http:\/\/www.barbara-wenz.de\/?p=725"},"modified":"2020-04-03T17:11:48","modified_gmt":"2020-04-03T15:11:48","slug":"online-messen","status":"publish","type":"post","link":"https:\/\/www.barbara-wenz.de\/?p=725","title":{"rendered":"Online-Messen"},"content":{"rendered":"<p>Neben der M\u00f6glichkeit, den <a href=\"https:\/\/www.youtube.com\/watch?v=SqMLqBWV2EA&#038;feature=emb_logo\">youTube-Kanal aus Alt\u00f6tting<\/a> zu verfolgen und so die Heiligen Messen aus der Gnadenkapelle live mitzufeiern oder um 15 Uhr den Rosenkranz zu beten, gibt es auch noch die M\u00f6glichkeit, den Livestream der Heiligen Messe aus dem westpf\u00e4lzischen &#8222;Alt\u00f6tting&#8220; &#8211; n\u00e4mlich dem <a href=\"https:\/\/maria-rosenberg.de\/gottesdienste\/\"> wundervollen Wallfahrtsort Maria Rosenberg<\/a>, den ich ebenfalls schon im Vatican-Magazin als Heiligtum der besonderen Art vorgestellt hatte &#8211; , t\u00e4glich um 10 Uhr zu verfolgen.<br \/>\nEs zelebriert ein guter und lieber Bekannter, Hochw\u00fcrden Pfarrer Volker Sehy.<\/p>\n<p>Ganz wichtig (nicht nur) f\u00fcr unsere orthodoxen Geschwister: Die Nonnen vom Kloster der heiligen Gro\u00dff\u00fcrstin Elisabeth in Buchendorf, bei denen ich letztes Jahr zu Gast sein durfte, \u00fcbertragen jetzt s\u00e4mtliche Gebete sowie die G\u00f6ttliche Liturgie ebenfalls live:<\/p>\n<p>Die Gottesdienste werden online \u00fcbertragen auf https:\/\/www.facebook.com\/Orthodoxes.Frauenkloster.<\/p>\n<p>N\u00e4chste \u00dcbertragungen der Klostergottesdienste:<\/p>\n<p>Sa, 04.04.20, 04.00: Morgengottesdienst mit Akathistos-Hymnos an die Allhl. Gottesgeb\u00e4rerin \u2022<br \/>\nStundenlesungen, G\u00f6ttliche Liturgie<\/p>\n<p>Sa, 04.04.20, 17.00: Vigil zum 5. Fastensonntag: Ged. der hl. Maria von \u00c4gypten<\/p>\n<p>So, 05.04.20, 06.40: Stundenlesungen, G\u00f6ttliche Liturgie<\/p>\n<p>Mo, 06.04.20, 17.00: Vigil zum Fest der Verk\u00fcndigung an die Allhl. Gottesgeb\u00e4rerin<\/p>\n<p>Di, 07.04.20, 08.00: Stundenlesungen, Typika, Abendgottesdienst mit Hl. Liturgie zum Fest<\/p>\n<p>Weitere Infos auf der <a href=\"http:\/\/www.orth-frauenkloster.de\/\">Internetseite des Klosters<\/a><\/p>\n","protected":false},"excerpt":{"rendered":"<p>Neben der M\u00f6glichkeit, den youTube-Kanal aus Alt\u00f6tting zu verfolgen und so die Heiligen Messen aus der Gnadenkapelle live mitzufeiern oder um 15 Uhr den Rosenkranz zu beten, gibt es auch noch die M\u00f6glichkeit, den Livestream der Heiligen Messe aus dem westpf\u00e4lzischen &#8222;Alt\u00f6tting&#8220; &#8211; n\u00e4mlich dem wundervollen Wallfahrtsort Maria Rosenberg, den ich ebenfalls schon im Vatican-Magazin [&hellip;]<\/p>\n","protected":false},"author":2,"featured_media":0,"comment_status":"open","ping_status":"closed","sticky":false,"template":"","format":"standard","meta":{"footnotes":""},"categories":[1,102,121],"tags":[],"class_list":["post-725","post","type-post","status-publish","format-standard","hentry","category-allgemein","category-kloester-und-orden","category-orthodoxe-kirche-2"],"_links":{"self":[{"href":"https:\/\/www.barbara-wenz.de\/index.php?rest_route=\/wp\/v2\/posts\/725","targetHints":{"allow":["GET"]}}],"collection":[{"href":"https:\/\/www.barbara-wenz.de\/index.php?rest_route=\/wp\/v2\/posts"}],"about":[{"href":"https:\/\/www.barbara-wenz.de\/index.php?rest_route=\/wp\/v2\/types\/post"}],"author":[{"embeddable":true,"href":"https:\/\/www.barbara-wenz.de\/index.php?rest_route=\/wp\/v2\/users\/2"}],"replies":[{"embeddable":true,"href":"https:\/\/www.barbara-wenz.de\/index.php?rest_route=%2Fwp%2Fv2%2Fcomments&post=725"}],"version-history":[{"count":3,"href":"https:\/\/www.barbara-wenz.de\/index.php?rest_route=\/wp\/v2\/posts\/725\/revisions"}],"predecessor-version":[{"id":729,"href":"https:\/\/www.barbara-wenz.de\/index.php?rest_route=\/wp\/v2\/posts\/725\/revisions\/729"}],"wp:attachment":[{"href":"https:\/\/www.barbara-wenz.de\/index.php?rest_route=%2Fwp%2Fv2%2Fmedia&parent=725"}],"wp:term":[{"taxonomy":"category","embeddable":true,"href":"https:\/\/www.barbara-wenz.de\/index.php?rest_route=%2Fwp%2Fv2%2Fcategories&post=725"},{"taxonomy":"post_tag","embeddable":true,"href":"https:\/\/www.barbara-wenz.de\/index.php?rest_route=%2Fwp%2Fv2%2Ftags&post=725"}],"curies":[{"name":"wp","href":"https:\/\/api.w.org\/{rel}","templated":true}]}}