{"id":711,"date":"2020-03-27T21:55:03","date_gmt":"2020-03-27T19:55:03","guid":{"rendered":"http:\/\/www.barbara-wenz.de\/?p=711"},"modified":"2020-03-27T21:55:03","modified_gmt":"2020-03-27T19:55:03","slug":"ausserordentlicher-segen-urbi-et-orbi-heute-abend","status":"publish","type":"post","link":"https:\/\/www.barbara-wenz.de\/?p=711","title":{"rendered":"Au\u00dferordentlicher Segen Urbi et Orbi heute Abend"},"content":{"rendered":"<p>Wer es in den \u00dcbertragungen gesehen hat, wird es nicht vergessen.<br \/>\nDer Petersplatz menschenleer, aber nicht im Finstern, sondern voller Glanz der Lichter, die sich im str\u00f6menden Regen spiegelten und das ganze Pflaster so eigent\u00fcmlich erhellten, als Symbol f\u00fcr alle Menschen, die nicht anwesend sein konnten, die Kranken und die Helfer, die Licht zu bringen wissen, indem sie die Barmherzigkeit Gottes auf Erden reflektieren &#8211; ein fast einsamer Papst vor scheinbar \u00f6der Steinkulisse, die dem Dunkel zu trotzen wusste.<\/p>\n<p>Eine sehr sch\u00f6ne <a href=\"http:\/\/www.kath.net\/news\/71135\">Meditation der Heiligen Vaters<\/a>, dem das Aufstehen und Gehen sichtlich schwer fiel. <\/p>\n<p>Der Petersplatz hat schon viel, allzuviel gesehen. Nicht nur sch\u00f6ne Momente, Momente der Freude und des Lebens. In j\u00fcngerer Zeit fielen dort einmal sogar Sch\u00fcsse, die eigentlich t\u00f6dlich sein sollten.<br \/>\nAber einen solchen Moment hat er noch nicht gesehen, haben wir noch nie gesehen. Ein fast wankender Papst, dem es sichtlich schwerfiel, die Monstranz zu erheben und die Stadt und den Erdkreis zu segnen, eine kurze Sekunde des Bangens, w\u00e4hrend die Glocken l\u00e4uteten und die Sirenen der Polizeiautos, die den Platz absicherten, angestellt wurden.<\/p>\n<p>Papst Franziskus wird heute Abend ersch\u00f6pft sein &#8211; er hat in dieser Stunde den ganzen Erdkreis auf seinen Schultern getragen. <\/p>\n","protected":false},"excerpt":{"rendered":"<p>Wer es in den \u00dcbertragungen gesehen hat, wird es nicht vergessen. Der Petersplatz menschenleer, aber nicht im Finstern, sondern voller Glanz der Lichter, die sich im str\u00f6menden Regen spiegelten und das ganze Pflaster so eigent\u00fcmlich erhellten, als Symbol f\u00fcr alle Menschen, die nicht anwesend sein konnten, die Kranken und die Helfer, die Licht zu bringen [&hellip;]<\/p>\n","protected":false},"author":2,"featured_media":0,"comment_status":"open","ping_status":"closed","sticky":false,"template":"","format":"standard","meta":{"footnotes":""},"categories":[47],"tags":[],"class_list":["post-711","post","type-post","status-publish","format-standard","hentry","category-skizzen-und-miniaturen"],"_links":{"self":[{"href":"https:\/\/www.barbara-wenz.de\/index.php?rest_route=\/wp\/v2\/posts\/711","targetHints":{"allow":["GET"]}}],"collection":[{"href":"https:\/\/www.barbara-wenz.de\/index.php?rest_route=\/wp\/v2\/posts"}],"about":[{"href":"https:\/\/www.barbara-wenz.de\/index.php?rest_route=\/wp\/v2\/types\/post"}],"author":[{"embeddable":true,"href":"https:\/\/www.barbara-wenz.de\/index.php?rest_route=\/wp\/v2\/users\/2"}],"replies":[{"embeddable":true,"href":"https:\/\/www.barbara-wenz.de\/index.php?rest_route=%2Fwp%2Fv2%2Fcomments&post=711"}],"version-history":[{"count":1,"href":"https:\/\/www.barbara-wenz.de\/index.php?rest_route=\/wp\/v2\/posts\/711\/revisions"}],"predecessor-version":[{"id":712,"href":"https:\/\/www.barbara-wenz.de\/index.php?rest_route=\/wp\/v2\/posts\/711\/revisions\/712"}],"wp:attachment":[{"href":"https:\/\/www.barbara-wenz.de\/index.php?rest_route=%2Fwp%2Fv2%2Fmedia&parent=711"}],"wp:term":[{"taxonomy":"category","embeddable":true,"href":"https:\/\/www.barbara-wenz.de\/index.php?rest_route=%2Fwp%2Fv2%2Fcategories&post=711"},{"taxonomy":"post_tag","embeddable":true,"href":"https:\/\/www.barbara-wenz.de\/index.php?rest_route=%2Fwp%2Fv2%2Ftags&post=711"}],"curies":[{"name":"wp","href":"https:\/\/api.w.org\/{rel}","templated":true}]}}