{"id":643,"date":"2019-11-03T18:25:09","date_gmt":"2019-11-03T16:25:09","guid":{"rendered":"http:\/\/www.barbara-wenz.de\/?p=643"},"modified":"2019-11-03T18:25:09","modified_gmt":"2019-11-03T16:25:09","slug":"es-ist-die-letzte-heilige-messe-in-vertrauter-umgebung","status":"publish","type":"post","link":"https:\/\/www.barbara-wenz.de\/?p=643","title":{"rendered":"Es ist die letzte Heilige Messe in vertrauter Umgebung"},"content":{"rendered":"<p>f\u00fcr mein liebes altes M\u00e4dchen aus der ersten Bank. Wie immer kurven sie und ihre Betreuerin kurz nach dem Verstummen der Glocken ein. Wie immer freue ich mich, die alte Dame und ihre so aufmerksame Begleitung zu sehen, die auch w\u00e4hrend der Zelebration immer wieder einen Blick zu ihr \u00fcbrig hat &#8211; ob sie alles hat, ob sie gut sitzt, ob sie ein Taschentuch braucht, ihre Brille oder ihre Handtasche, um das Opfergeld herauszusuchen. <\/p>\n<p>Ich hatte k\u00fcrzlich schon <a href=\"http:\/\/www.barbara-wenz.de\/?p=577\">eine kleine Skizze<\/a> dar\u00fcber geschrieben. <\/p>\n<p>Doch was ich noch nicht ahne, es soll das letzte Mal sein. Vor oder nach dem Schlusssegen, habe ich vergessen, k\u00fcndigt der Pfarrer an, dass diese treue und tapfere Christgl\u00e4ubige nun also in die Nachbargemeinde \u00fcberwechseln wird, sie kommt ins dortige Altersheim, und verabschiedet sie mit w\u00fcrdigen Worten.<br \/>\nEs dauert ein paar Sekunden bis ich das realisiert habe. Ich wei\u00df auch nicht warum mich das so mitnimmt, ich glaube, es hat ein bisschen etwas damit zu tun, dass sie mich an meine verstorbene Mutter erinnert.<br \/>\n&#8222;Auf Wiedersehen!&#8220; sagt unser Pfarrer, und diese zauberhafte alte Dame, die sich kaum noch artikulieren kann, erwidert den Gru\u00df halblaut, eben so laut wie sie noch kann. Es ist v\u00f6llig klar, nach dem Marienlied werde ich zu ihr vor an die erste Bank gehen, aber leider bin ich \u00fcber diese Nachricht so traurig, dass ich ihr wohl nicht viel Mut machen kann. So stehe ich da, greife ihre Rechte mit beiden H\u00e4nden und stammle ein &#8222;Alles Gute&#8220; heraus, dabei h\u00e4tte ich so viel lieber gel\u00e4chelt und ihr aufmunternd zugenickt.<br \/>\nVielleicht, kommt mir der Gedanke, ist das einfach nur Egoismus, deine eigene Trauer.<br \/>\nVielleicht, kommt mir ein anderer Gedanke, m\u00f6chtest du sie einfach nicht weiter strapazieren, denn ich schaue in ihre alten, tr\u00e4nenerf\u00fcllten Augen.<br \/>\nVon der ganzen anwesenden Gemeinde habe ich au\u00dfer dem Pfarrer nur noch drei Leute gesehen, die sich von ihr verabschieden wollten. Ohne damit jemandem unrecht tun zu wollen, denn vielleicht habe ich nicht richtig beobachtet oder vielleicht gab es schon andernorts eine Verabschiedung.<br \/>\nDas kann ich nicht wissen.<br \/>\nIch werde sie nie vergessen und bei jeder Messe an sie denken. M\u00f6ge der Herr einmal sie in seine liebenden Arme schlie\u00dfen.<\/p>\n","protected":false},"excerpt":{"rendered":"<p>f\u00fcr mein liebes altes M\u00e4dchen aus der ersten Bank. Wie immer kurven sie und ihre Betreuerin kurz nach dem Verstummen der Glocken ein. Wie immer freue ich mich, die alte Dame und ihre so aufmerksame Begleitung zu sehen, die auch w\u00e4hrend der Zelebration immer wieder einen Blick zu ihr \u00fcbrig hat &#8211; ob sie alles [&hellip;]<\/p>\n","protected":false},"author":2,"featured_media":0,"comment_status":"open","ping_status":"closed","sticky":false,"template":"","format":"standard","meta":{"footnotes":""},"categories":[1],"tags":[],"class_list":["post-643","post","type-post","status-publish","format-standard","hentry","category-allgemein"],"_links":{"self":[{"href":"https:\/\/www.barbara-wenz.de\/index.php?rest_route=\/wp\/v2\/posts\/643","targetHints":{"allow":["GET"]}}],"collection":[{"href":"https:\/\/www.barbara-wenz.de\/index.php?rest_route=\/wp\/v2\/posts"}],"about":[{"href":"https:\/\/www.barbara-wenz.de\/index.php?rest_route=\/wp\/v2\/types\/post"}],"author":[{"embeddable":true,"href":"https:\/\/www.barbara-wenz.de\/index.php?rest_route=\/wp\/v2\/users\/2"}],"replies":[{"embeddable":true,"href":"https:\/\/www.barbara-wenz.de\/index.php?rest_route=%2Fwp%2Fv2%2Fcomments&post=643"}],"version-history":[{"count":1,"href":"https:\/\/www.barbara-wenz.de\/index.php?rest_route=\/wp\/v2\/posts\/643\/revisions"}],"predecessor-version":[{"id":644,"href":"https:\/\/www.barbara-wenz.de\/index.php?rest_route=\/wp\/v2\/posts\/643\/revisions\/644"}],"wp:attachment":[{"href":"https:\/\/www.barbara-wenz.de\/index.php?rest_route=%2Fwp%2Fv2%2Fmedia&parent=643"}],"wp:term":[{"taxonomy":"category","embeddable":true,"href":"https:\/\/www.barbara-wenz.de\/index.php?rest_route=%2Fwp%2Fv2%2Fcategories&post=643"},{"taxonomy":"post_tag","embeddable":true,"href":"https:\/\/www.barbara-wenz.de\/index.php?rest_route=%2Fwp%2Fv2%2Ftags&post=643"}],"curies":[{"name":"wp","href":"https:\/\/api.w.org\/{rel}","templated":true}]}}