{"id":529,"date":"2018-12-05T07:23:34","date_gmt":"2018-12-05T05:23:34","guid":{"rendered":"http:\/\/www.barbara-wenz.de\/?p=529"},"modified":"2018-12-05T08:13:55","modified_gmt":"2018-12-05T06:13:55","slug":"seraphim-rose-nihilismus-die-ideologie-des-antichristen","status":"publish","type":"post","link":"https:\/\/www.barbara-wenz.de\/?p=529","title":{"rendered":"Seraphim Rose: Nihilismus. Die Ideologie des Antichristen."},"content":{"rendered":"<p>Der Glaube an das Nichts als Quell des Untergangs.<img loading=\"lazy\" decoding=\"async\" src=\"https:\/\/images-na.ssl-images-amazon.com\/images\/I\/41IpJR5MYmL._SX319_BO1,204,203,200_.jpg\" width=\"321\" height=\"499\" class=\"alignright size-medium\" \/><\/p>\n<p>Zitat:<\/p>\n<p>&#8222;Der Nihilismus unseres Zeitalters ist in allem und wer nicht mit Gottes Beistand beschlie\u00dft, ihn im Namen der Seinsf\u00fclle des lebendigen Gottes zu bek\u00e4mpfen, den hat dieser bereits bezwungen. Wir sind an den Rand des Abgrunds zum Nichts gebracht, und wir werden, ob wir sein Wesen erkennen oder nicht, infolge der Affinit\u00e4t zum stets vorhandenen Nichts in uns ohne jede Hoffnung auf Erl\u00f6sung von ihm verschlungen werden &#8211; es sei denn, wir bleiben reinen und festen Glaubens in Christus, ohne den wir wahrlich nichts sind.&#8220;<\/p>\n","protected":false},"excerpt":{"rendered":"<p>Der Glaube an das Nichts als Quell des Untergangs. Zitat: &#8222;Der Nihilismus unseres Zeitalters ist in allem und wer nicht mit Gottes Beistand beschlie\u00dft, ihn im Namen der Seinsf\u00fclle des lebendigen Gottes zu bek\u00e4mpfen, den hat dieser bereits bezwungen. Wir sind an den Rand des Abgrunds zum Nichts gebracht, und wir werden, ob wir sein [&hellip;]<\/p>\n","protected":false},"author":2,"featured_media":0,"comment_status":"open","ping_status":"closed","sticky":false,"template":"","format":"standard","meta":{"footnotes":""},"categories":[1,196,121],"tags":[],"class_list":["post-529","post","type-post","status-publish","format-standard","hentry","category-allgemein","category-europa-wohin","category-orthodoxe-kirche-2"],"_links":{"self":[{"href":"https:\/\/www.barbara-wenz.de\/index.php?rest_route=\/wp\/v2\/posts\/529","targetHints":{"allow":["GET"]}}],"collection":[{"href":"https:\/\/www.barbara-wenz.de\/index.php?rest_route=\/wp\/v2\/posts"}],"about":[{"href":"https:\/\/www.barbara-wenz.de\/index.php?rest_route=\/wp\/v2\/types\/post"}],"author":[{"embeddable":true,"href":"https:\/\/www.barbara-wenz.de\/index.php?rest_route=\/wp\/v2\/users\/2"}],"replies":[{"embeddable":true,"href":"https:\/\/www.barbara-wenz.de\/index.php?rest_route=%2Fwp%2Fv2%2Fcomments&post=529"}],"version-history":[{"count":3,"href":"https:\/\/www.barbara-wenz.de\/index.php?rest_route=\/wp\/v2\/posts\/529\/revisions"}],"predecessor-version":[{"id":534,"href":"https:\/\/www.barbara-wenz.de\/index.php?rest_route=\/wp\/v2\/posts\/529\/revisions\/534"}],"wp:attachment":[{"href":"https:\/\/www.barbara-wenz.de\/index.php?rest_route=%2Fwp%2Fv2%2Fmedia&parent=529"}],"wp:term":[{"taxonomy":"category","embeddable":true,"href":"https:\/\/www.barbara-wenz.de\/index.php?rest_route=%2Fwp%2Fv2%2Fcategories&post=529"},{"taxonomy":"post_tag","embeddable":true,"href":"https:\/\/www.barbara-wenz.de\/index.php?rest_route=%2Fwp%2Fv2%2Ftags&post=529"}],"curies":[{"name":"wp","href":"https:\/\/api.w.org\/{rel}","templated":true}]}}