{"id":483,"date":"2018-05-22T20:10:26","date_gmt":"2018-05-22T18:10:26","guid":{"rendered":"http:\/\/www.barbara-wenz.de\/?p=483"},"modified":"2018-05-22T20:10:26","modified_gmt":"2018-05-22T18:10:26","slug":"berliner-hausbesetzerszene","status":"publish","type":"post","link":"https:\/\/www.barbara-wenz.de\/?p=483","title":{"rendered":"Berliner Hausbesetzerszene"},"content":{"rendered":"<p>Es begab sich im Jahre Drei nach dem Mauerfall, ich kehrte \u00fcber Berlin nach einem l\u00e4ngeren Aufenthalt aus Prag zur\u00fcck nach Deutschland und besuchte zu diesem Anlass eine geb\u00fcrtige Ostberlinerin in ihrer Wohnung in der Oranienstra\u00dfe, mit der ich in den Achtzigern im Westen studiert hatte.<br \/>\nZur Auswahl st\u00fcnden verschiedene Events am Abend &#8211; naturgem\u00e4\u00df kann man in Berlin wenigstens gescheit ausgehen, immerhin.<br \/>\nWir entschieden uns f\u00fcr ein Punkkonzert-Event in einem der angesagtesten besetzten H\u00e4user der Stadt. <\/p>\n<p>Ich betrat das Establishment einigerma\u00dfen inspiriert &#8211; echte Hausbesetzer! In Berlin! Szene! So cool! Ich obercoolerweise auch noch mittendrin. <\/p>\n<p>Die T\u00fcr \u00f6ffnete sich, und die hippen Hausbesetzer entpuppten sich mindestens zur H\u00e4lfte als bekannte oder sogar befreundete Leute, denen ich vor f\u00fcnf Jahren noch regelm\u00e4\u00dfig in meinem Jugendzentrum (Westdeutschland) in der Otterbachstra\u00dfe (Symbolname) in Obermoschel (Symbolname) begegnet war.<br \/>\nSoviel zum Mythos Berlin und zu seiner coolen Hausbesetzerszene.<\/p>\n","protected":false},"excerpt":{"rendered":"<p>Es begab sich im Jahre Drei nach dem Mauerfall, ich kehrte \u00fcber Berlin nach einem l\u00e4ngeren Aufenthalt aus Prag zur\u00fcck nach Deutschland und besuchte zu diesem Anlass eine geb\u00fcrtige Ostberlinerin in ihrer Wohnung in der Oranienstra\u00dfe, mit der ich in den Achtzigern im Westen studiert hatte. Zur Auswahl st\u00fcnden verschiedene Events am Abend &#8211; naturgem\u00e4\u00df [&hellip;]<\/p>\n","protected":false},"author":2,"featured_media":0,"comment_status":"open","ping_status":"closed","sticky":false,"template":"","format":"standard","meta":{"footnotes":""},"categories":[47],"tags":[],"class_list":["post-483","post","type-post","status-publish","format-standard","hentry","category-skizzen-und-miniaturen"],"_links":{"self":[{"href":"https:\/\/www.barbara-wenz.de\/index.php?rest_route=\/wp\/v2\/posts\/483","targetHints":{"allow":["GET"]}}],"collection":[{"href":"https:\/\/www.barbara-wenz.de\/index.php?rest_route=\/wp\/v2\/posts"}],"about":[{"href":"https:\/\/www.barbara-wenz.de\/index.php?rest_route=\/wp\/v2\/types\/post"}],"author":[{"embeddable":true,"href":"https:\/\/www.barbara-wenz.de\/index.php?rest_route=\/wp\/v2\/users\/2"}],"replies":[{"embeddable":true,"href":"https:\/\/www.barbara-wenz.de\/index.php?rest_route=%2Fwp%2Fv2%2Fcomments&post=483"}],"version-history":[{"count":1,"href":"https:\/\/www.barbara-wenz.de\/index.php?rest_route=\/wp\/v2\/posts\/483\/revisions"}],"predecessor-version":[{"id":484,"href":"https:\/\/www.barbara-wenz.de\/index.php?rest_route=\/wp\/v2\/posts\/483\/revisions\/484"}],"wp:attachment":[{"href":"https:\/\/www.barbara-wenz.de\/index.php?rest_route=%2Fwp%2Fv2%2Fmedia&parent=483"}],"wp:term":[{"taxonomy":"category","embeddable":true,"href":"https:\/\/www.barbara-wenz.de\/index.php?rest_route=%2Fwp%2Fv2%2Fcategories&post=483"},{"taxonomy":"post_tag","embeddable":true,"href":"https:\/\/www.barbara-wenz.de\/index.php?rest_route=%2Fwp%2Fv2%2Ftags&post=483"}],"curies":[{"name":"wp","href":"https:\/\/api.w.org\/{rel}","templated":true}]}}