{"id":414,"date":"2017-09-05T19:50:27","date_gmt":"2017-09-05T17:50:27","guid":{"rendered":"http:\/\/www.barbara-wenz.de\/?p=414"},"modified":"2017-09-05T19:59:26","modified_gmt":"2017-09-05T17:59:26","slug":"santorins-kirchenkuppeln-ohne-kreuze-ein-service-von-lidl","status":"publish","type":"post","link":"https:\/\/www.barbara-wenz.de\/?p=414","title":{"rendered":"Santorins Kirchenkuppeln ohne Kreuze &#8211; ein Service von LIDL"},"content":{"rendered":"<p>Der Vorfall ist f\u00fcr die einen nicht weiter bemerkenswert &#8211; obwohl ich meine, es ist eben doch wichtig, ob ich nun die Realit\u00e4t verf\u00e4lscht darstelle, noch dazu, um ein Produkt zu verkaufen, oder nicht. Nat\u00fcrlich sehen die Frauen auf den Ferraris, die sich dort r\u00e4keln, in natura auch nie 100prozentig so aus, wie auf den Bildern.<br \/>\nAllerdings handelt es sich eben um Santorin, einer griechischen Insel, die nicht nur enorm sch\u00f6n ist, sondern auch seit den Zeiten des Apostels Paulus eine christlich-orthodoxe Kultur pflegt, lebt und hochh\u00e4lt, die sich in rein gar nichts vor den kulturellen Errungenschaften der Griechen f\u00fcr die gesamte Welt aus antiker heidnischer Zeit verstecken muss. <\/p>\n<p>Ich hatte dazu heute in &#8222;Die Tagespost&#8220; in der Rubrik &#8222;Aus aller Welt&#8220; einen Beitrag abgeliefert, nachzulesen unter <a href=\"https:\/\/t.co\/Gb5ytuKguq\">diesem Link<\/a>.<\/p>\n<p>Mittlerweile hat das Schietst\u00f6rmchen von Belgien aus nicht nur Deutschland und \u00d6sterreich erreicht, sondern auch ausgerechnet den traditionell atheistischsten Staat Europas &#8211; das kleine Tschechien. Die Tschechen m\u00f6gen vielleicht mit der Religion nicht so viel am Hut haben (wie vergleichsweise die Slowaken), aber sie sind ein ziemlich aufm\u00fcpfiges V\u00f6lkchen &#8211; und da sie gerne Urlaub in Griechenland machen, wie wir Deutsche ja auch, seit die T\u00fcrkei sich dank Erdogan ja ins urlaubstechnische Aus geschossen hat, durchaus auch solidarisch mit den nun beleidigten Griechen, die allerdings v\u00f6llig zu Recht nicht einsehen wollen, warum man mit ihren landschaftlichen Panoramen Werbung machen und Geld verdienen will, daf\u00fcr aber Kreuze von Geb\u00e4uden wegretuschiert, die zwar da hingeh\u00f6ren, aber eventuell wiederum den alten Kunden aus Ex-Kleinasien und den neuen Kunden aus Syrien und Nordafrika, die noch nicht so lange hier leben, stinken k\u00f6nnten. W\u00e4rend die Mitteleurop\u00e4er ebenso &#8222;religi\u00f6s neutral&#8220; inkulturiert wie die Werbeabteilung bei LIDL, st\u00fcnde in Deutschland, Frankreich, Belgien, Schweiz und so weiter keine einzige Moschee mit einer Halbmondabbildung drauf.<br \/>\nJetzt geht es ins Spekulative, wenn ich mir ausmale, wie gerade die verantwortlichen Entscheider f\u00fcr diesen orwellianisch zu nennenden Eingriff in die authentische kulturelle Landschaft von Santorin sich teure Urlaube auf, nehmen wir einfach mal, Bali g\u00f6nnen, und dort begeistert \u00fcber Swastikas, Hindutempel, religi\u00f6se Feiern und enorm beeindruckende authentische Tradition und Kultur dann ihren lieben Zuhausgebliebenen berichten. <\/p>\n","protected":false},"excerpt":{"rendered":"<p>Der Vorfall ist f\u00fcr die einen nicht weiter bemerkenswert &#8211; obwohl ich meine, es ist eben doch wichtig, ob ich nun die Realit\u00e4t verf\u00e4lscht darstelle, noch dazu, um ein Produkt zu verkaufen, oder nicht. Nat\u00fcrlich sehen die Frauen auf den Ferraris, die sich dort r\u00e4keln, in natura auch nie 100prozentig so aus, wie auf den [&hellip;]<\/p>\n","protected":false},"author":2,"featured_media":0,"comment_status":"open","ping_status":"closed","sticky":false,"template":"","format":"standard","meta":{"footnotes":""},"categories":[196],"tags":[221,34,218,220,222,217,219],"class_list":["post-414","post","type-post","status-publish","format-standard","hentry","category-europa-wohin","tag-antichristen","tag-die-tagespost","tag-eridanous","tag-heuchler","tag-jakobiner","tag-lidl","tag-santorin"],"_links":{"self":[{"href":"https:\/\/www.barbara-wenz.de\/index.php?rest_route=\/wp\/v2\/posts\/414","targetHints":{"allow":["GET"]}}],"collection":[{"href":"https:\/\/www.barbara-wenz.de\/index.php?rest_route=\/wp\/v2\/posts"}],"about":[{"href":"https:\/\/www.barbara-wenz.de\/index.php?rest_route=\/wp\/v2\/types\/post"}],"author":[{"embeddable":true,"href":"https:\/\/www.barbara-wenz.de\/index.php?rest_route=\/wp\/v2\/users\/2"}],"replies":[{"embeddable":true,"href":"https:\/\/www.barbara-wenz.de\/index.php?rest_route=%2Fwp%2Fv2%2Fcomments&post=414"}],"version-history":[{"count":3,"href":"https:\/\/www.barbara-wenz.de\/index.php?rest_route=\/wp\/v2\/posts\/414\/revisions"}],"predecessor-version":[{"id":419,"href":"https:\/\/www.barbara-wenz.de\/index.php?rest_route=\/wp\/v2\/posts\/414\/revisions\/419"}],"wp:attachment":[{"href":"https:\/\/www.barbara-wenz.de\/index.php?rest_route=%2Fwp%2Fv2%2Fmedia&parent=414"}],"wp:term":[{"taxonomy":"category","embeddable":true,"href":"https:\/\/www.barbara-wenz.de\/index.php?rest_route=%2Fwp%2Fv2%2Fcategories&post=414"},{"taxonomy":"post_tag","embeddable":true,"href":"https:\/\/www.barbara-wenz.de\/index.php?rest_route=%2Fwp%2Fv2%2Ftags&post=414"}],"curies":[{"name":"wp","href":"https:\/\/api.w.org\/{rel}","templated":true}]}}