{"id":396,"date":"2017-08-11T08:21:07","date_gmt":"2017-08-11T06:21:07","guid":{"rendered":"http:\/\/www.barbara-wenz.de\/?p=396"},"modified":"2017-08-11T08:24:33","modified_gmt":"2017-08-11T06:24:33","slug":"der-segen-der-heiligen-klara-von-assisi-nach-der-ueberlieferung","status":"publish","type":"post","link":"https:\/\/www.barbara-wenz.de\/?p=396","title":{"rendered":"Der Segen der heiligen Klara von Assisi &#8211; nach der \u00dcberlieferung"},"content":{"rendered":"<p><img loading=\"lazy\" decoding=\"async\" src=\"http:\/\/www.barbara-wenz.de\/wp-content\/uploads\/2017\/08\/Klara_von_Assisi_Puccio_Capanna-161x300.jpg\" alt=\"\" width=\"161\" height=\"300\" class=\"alignnone size-medium wp-image-398\" data-wp-pid=\"398\" srcset=\"https:\/\/www.barbara-wenz.de\/wp-content\/uploads\/2017\/08\/Klara_von_Assisi_Puccio_Capanna-161x300.jpg 161w, https:\/\/www.barbara-wenz.de\/wp-content\/uploads\/2017\/08\/Klara_von_Assisi_Puccio_Capanna-80x150.jpg 80w, https:\/\/www.barbara-wenz.de\/wp-content\/uploads\/2017\/08\/Klara_von_Assisi_Puccio_Capanna.jpg 166w\" sizes=\"auto, (max-width: 161px) 100vw, 161px\" \/><\/p>\n<p>&#8222;Im Namen des Vaters und des Sohnes und des Heiligen Geistes. Der Herr segne euch und beh\u00fcte euch. Er zeige euch sein Angesicht und erbarme sich euer. Er wende euch sein Angesicht zu und schenke euch den Frieden, meine Schwestern und T\u00f6chter, und allen anderen, die in eure Gemeinschaft kommen und dort bleiben werden, und allen \u00fcbrigen, gegenw\u00e4rtigen und zuk\u00fcnftigen, die bis zum Ende ausharren in anderen Kl\u00f6stern der Armen Frauen.<\/p>\n<p>Ich, Klara, eine Magd Christi, eine Pflanze unseres hochseligen Vaters, des heiligen Franziskus, eure Schwester und eure sowie der anderen Armen Schwestern Mutter, obschon eine unw\u00fcrdige, bitte unseren Herrn Jesus Christus durch seine Barmherzigkeit und durch die F\u00fcrsprache seiner heiligsten Mutter Maria, des heiligen Erzengels Michael und aller Heiligen beiderlei Geschlechts, der himmlische Vater gebe und best\u00e4tige euch im Himmel und auf Erden diesen seinen allerheiligsten Segen: auf Erden mehre er euch in seiner Gnade und in seinen Tugenden unter seinen Dienern und Dienerinnen in seiner streitenden Kirche, im Himmel erh\u00f6he und ehre er euch in der triumphierenden Kirche, in der Schar der heiligen Frauen und M\u00e4nner.<br \/>\nIch segne euch in meinem Leben und nach meinem Tode, soviel ich vermag, mit all dem Segen, mit dem der Vater der Erbarmungen seine S\u00f6hne und T\u00f6chter im Himmel und auf Erden gesegnet hat und noch segnen wird, und mit dem ein geistlicher Vater und eine geistliche Mutter ihre geistlichen S\u00f6hne und T\u00f6chter gesegnet haben und noch segnen werden. Amen.<br \/>\nSeid immer Liebhaberinnen eurer Seelen und aller eurer Schwestern und bewahrt immer das mit Flei\u00df, was ihr dem Herrn gelobt habt. Der Herr sei allezeit mit euch und gebe Gott, da\u00df ihr allezeit in ihm seid. Amen.&#8220;<\/p>\n","protected":false},"excerpt":{"rendered":"<p>&#8222;Im Namen des Vaters und des Sohnes und des Heiligen Geistes. Der Herr segne euch und beh\u00fcte euch. Er zeige euch sein Angesicht und erbarme sich euer. Er wende euch sein Angesicht zu und schenke euch den Frieden, meine Schwestern und T\u00f6chter, und allen anderen, die in eure Gemeinschaft kommen und dort bleiben werden, und [&hellip;]<\/p>\n","protected":false},"author":2,"featured_media":0,"comment_status":"open","ping_status":"closed","sticky":false,"template":"","format":"standard","meta":{"footnotes":""},"categories":[102],"tags":[209,210],"class_list":["post-396","post","type-post","status-publish","format-standard","hentry","category-kloester-und-orden","tag-klara-von-assisi","tag-segen"],"_links":{"self":[{"href":"https:\/\/www.barbara-wenz.de\/index.php?rest_route=\/wp\/v2\/posts\/396","targetHints":{"allow":["GET"]}}],"collection":[{"href":"https:\/\/www.barbara-wenz.de\/index.php?rest_route=\/wp\/v2\/posts"}],"about":[{"href":"https:\/\/www.barbara-wenz.de\/index.php?rest_route=\/wp\/v2\/types\/post"}],"author":[{"embeddable":true,"href":"https:\/\/www.barbara-wenz.de\/index.php?rest_route=\/wp\/v2\/users\/2"}],"replies":[{"embeddable":true,"href":"https:\/\/www.barbara-wenz.de\/index.php?rest_route=%2Fwp%2Fv2%2Fcomments&post=396"}],"version-history":[{"count":4,"href":"https:\/\/www.barbara-wenz.de\/index.php?rest_route=\/wp\/v2\/posts\/396\/revisions"}],"predecessor-version":[{"id":401,"href":"https:\/\/www.barbara-wenz.de\/index.php?rest_route=\/wp\/v2\/posts\/396\/revisions\/401"}],"wp:attachment":[{"href":"https:\/\/www.barbara-wenz.de\/index.php?rest_route=%2Fwp%2Fv2%2Fmedia&parent=396"}],"wp:term":[{"taxonomy":"category","embeddable":true,"href":"https:\/\/www.barbara-wenz.de\/index.php?rest_route=%2Fwp%2Fv2%2Fcategories&post=396"},{"taxonomy":"post_tag","embeddable":true,"href":"https:\/\/www.barbara-wenz.de\/index.php?rest_route=%2Fwp%2Fv2%2Ftags&post=396"}],"curies":[{"name":"wp","href":"https:\/\/api.w.org\/{rel}","templated":true}]}}