{"id":323,"date":"2017-04-19T11:37:06","date_gmt":"2017-04-19T09:37:06","guid":{"rendered":"http:\/\/www.barbara-wenz.de\/?p=323"},"modified":"2017-04-19T11:37:06","modified_gmt":"2017-04-19T09:37:06","slug":"aloysius-pappert-eine-geraubte-jugend-kriegserinnerungen-band-i","status":"publish","type":"post","link":"https:\/\/www.barbara-wenz.de\/?p=323","title":{"rendered":"Aloysius Pappert: Eine geraubte Jugend. Kriegserinnerungen. Band I"},"content":{"rendered":"<p>Ich lese gerade atemlos die Kriegserinnerungen von Aloysius Pappert, Jahrgang 1924, praktizierender Katholik selbst w\u00e4hrend seiner gezwungenerma\u00dfen Zeit des Dienstes in der deutschen Wehrmacht, in der er u.a. die Schlacht um Monte Cassino miterlebte, viele Kameraden beerdigen musste, aber auch viele Menschen, auch und gerade eigentliche &#8222;Feinde&#8220; mit seinem Glauben beeindruckte, den sie ausgerechnet auch noch h\u00e4ufig mit ihm teilten. Er hat sich in den schlimmsten Situationen dieser Zeit stets auf die Gottesmutter verlassen &#8211; und sie hat ihm geholfen. Nichtkatholiken bitte unbesorgt sein, das Ganze ist in erster Linie ein Zeitzeugnis und der Autor bel\u00e4stigt den Leser nicht mit seinem pers\u00f6nlichen Glauben, sondern l\u00e4sst ihn durch alle Szenarien eher wie beil\u00e4ufig, aber daf\u00fcr umso durchschlagender, schimmern.<\/p>\n<p>Ich gebe zu, ich habe eine kleine Zeit gebraucht, bis ich wirklich den Nerv hatte, mich mit diesem ebenso erstaunlichen wie beeindruckend lebendigen Zeugnis aus der Zeit des Zweiten Weltkrieges zu befassen &#8211; und es eignet sich wom\u00f6glich nicht wirklich als echte Gute-Nacht-Lekt\u00fcre, sonst s\u00e4\u00dfe ich jetzt nicht aufgew\u00fchlt hier vor dem Bildschirm.<br \/>\nIch werde sicherlich noch eine ausf\u00fchrliche Besprechung dieses Buches, das im Lit-Verlag erschienen ist, nachtragen.<br \/>\nF\u00fcrs Erste darf ich einfach nur eine Empfehlung aussprechen, sich mich diesem beeindruckenden Zeugnis eines \u00dcberlebenden, eines stets auf Gott und die heilige Jungfrau vertrauentragenden Katholiken, eines anst\u00e4ndigen Soldaten in einer elendiglich unanst\u00e4ndigen Zeit auseinanderzusetzen. Umsomehr, weil er mich an meinen (protestantischen) Gro\u00dfonkel erinnert, der ebenfalls an allen wesentlichen Fronten im Einsatz war und dem ebenfalls sein Glaube geholfen, vielleicht sogar gerettet hat.<\/p>\n<p>Ich w\u00fcnsche diesem Buch noch viele Leser.<\/p>\n<p>Aloysius Pappert: Eine geraubte Jugend. Kriegserinnerungen Band I. Lit-Verlag<br \/>\nISBN 978-3-643-13596-4<\/p>\n","protected":false},"excerpt":{"rendered":"<p>Ich lese gerade atemlos die Kriegserinnerungen von Aloysius Pappert, Jahrgang 1924, praktizierender Katholik selbst w\u00e4hrend seiner gezwungenerma\u00dfen Zeit des Dienstes in der deutschen Wehrmacht, in der er u.a. die Schlacht um Monte Cassino miterlebte, viele Kameraden beerdigen musste, aber auch viele Menschen, auch und gerade eigentliche &#8222;Feinde&#8220; mit seinem Glauben beeindruckte, den sie ausgerechnet auch [&hellip;]<\/p>\n","protected":false},"author":2,"featured_media":0,"comment_status":"open","ping_status":"closed","sticky":false,"template":"","format":"standard","meta":{"footnotes":""},"categories":[52],"tags":[170,171,172,173],"class_list":["post-323","post","type-post","status-publish","format-standard","hentry","category-buchbesprechungen","tag-aloysius-pappert","tag-eine-geraubte-jugend","tag-kriegserinnerungen","tag-lit-verlag"],"_links":{"self":[{"href":"https:\/\/www.barbara-wenz.de\/index.php?rest_route=\/wp\/v2\/posts\/323","targetHints":{"allow":["GET"]}}],"collection":[{"href":"https:\/\/www.barbara-wenz.de\/index.php?rest_route=\/wp\/v2\/posts"}],"about":[{"href":"https:\/\/www.barbara-wenz.de\/index.php?rest_route=\/wp\/v2\/types\/post"}],"author":[{"embeddable":true,"href":"https:\/\/www.barbara-wenz.de\/index.php?rest_route=\/wp\/v2\/users\/2"}],"replies":[{"embeddable":true,"href":"https:\/\/www.barbara-wenz.de\/index.php?rest_route=%2Fwp%2Fv2%2Fcomments&post=323"}],"version-history":[{"count":1,"href":"https:\/\/www.barbara-wenz.de\/index.php?rest_route=\/wp\/v2\/posts\/323\/revisions"}],"predecessor-version":[{"id":324,"href":"https:\/\/www.barbara-wenz.de\/index.php?rest_route=\/wp\/v2\/posts\/323\/revisions\/324"}],"wp:attachment":[{"href":"https:\/\/www.barbara-wenz.de\/index.php?rest_route=%2Fwp%2Fv2%2Fmedia&parent=323"}],"wp:term":[{"taxonomy":"category","embeddable":true,"href":"https:\/\/www.barbara-wenz.de\/index.php?rest_route=%2Fwp%2Fv2%2Fcategories&post=323"},{"taxonomy":"post_tag","embeddable":true,"href":"https:\/\/www.barbara-wenz.de\/index.php?rest_route=%2Fwp%2Fv2%2Ftags&post=323"}],"curies":[{"name":"wp","href":"https:\/\/api.w.org\/{rel}","templated":true}]}}