{"id":307,"date":"2017-03-25T22:57:55","date_gmt":"2017-03-25T20:57:55","guid":{"rendered":"http:\/\/www.barbara-wenz.de\/?p=307"},"modified":"2017-03-25T22:57:55","modified_gmt":"2017-03-25T20:57:55","slug":"das-gebet-von-fatima-fuer-den-heiligen-vater","status":"publish","type":"post","link":"https:\/\/www.barbara-wenz.de\/?p=307","title":{"rendered":"Das Gebet von Fatima f\u00fcr den Heiligen Vater"},"content":{"rendered":"<p>Herr, guter Hirte der Menschheit,<br \/>\nDu hast Petrus und seinen Nachfolgern die Mission anvertraut,<br \/>\ndie Br\u00fcder und Schwestern im Glauben zu st\u00e4rken<br \/>\nund im H\u00f6ren des Wortes zu erleuchten.<br \/>\nAn diesem Ort, an dem die Hirtenkinder von F\u00e1tima eine tiefe Hingabe zum Heiligen<br \/>\nVater und eine starke Liebe zur Kirche bezeugt haben, bitten wir Dich,<br \/>\ndass Dein Heiliger Geist der Weisheit unseren Papst Franziskus in seiner Mission als<br \/>\nNachfolger Petrus erleuchten m\u00f6ge;<br \/>\ndass Deine Barmherzigkeit ihn besch\u00fctze und begleite;<br \/>\ndass das Zeugnis Deiner Gl\u00e4ubigen ihn bei seinen Aufgaben ermutige<br \/>\nund dass die zarte Gegenwart Marias f\u00fcr ihn ein Zeichen Deiner Liebe sei;<br \/>\ndass er stark im Glauben, wagemutig in der Hoffnung und eifrig in der N\u00e4chstenliebe sei.<br \/>\nSo bitten wir Dich, der Du Gott bist in der Einheit mit dem Vater und dem Heiligen Geist.<\/p>\n<p>Amen.<\/p>\n<p>Vaterunser. Ave Maria. Gloria.<\/p>\n","protected":false},"excerpt":{"rendered":"<p>Herr, guter Hirte der Menschheit, Du hast Petrus und seinen Nachfolgern die Mission anvertraut, die Br\u00fcder und Schwestern im Glauben zu st\u00e4rken und im H\u00f6ren des Wortes zu erleuchten. An diesem Ort, an dem die Hirtenkinder von F\u00e1tima eine tiefe Hingabe zum Heiligen Vater und eine starke Liebe zur Kirche bezeugt haben, bitten wir Dich, [&hellip;]<\/p>\n","protected":false},"author":2,"featured_media":0,"comment_status":"open","ping_status":"closed","sticky":false,"template":"","format":"standard","meta":{"footnotes":""},"categories":[1],"tags":[156,150,55],"class_list":["post-307","post","type-post","status-publish","format-standard","hentry","category-allgemein","tag-fatima","tag-franziskus","tag-papst"],"_links":{"self":[{"href":"https:\/\/www.barbara-wenz.de\/index.php?rest_route=\/wp\/v2\/posts\/307","targetHints":{"allow":["GET"]}}],"collection":[{"href":"https:\/\/www.barbara-wenz.de\/index.php?rest_route=\/wp\/v2\/posts"}],"about":[{"href":"https:\/\/www.barbara-wenz.de\/index.php?rest_route=\/wp\/v2\/types\/post"}],"author":[{"embeddable":true,"href":"https:\/\/www.barbara-wenz.de\/index.php?rest_route=\/wp\/v2\/users\/2"}],"replies":[{"embeddable":true,"href":"https:\/\/www.barbara-wenz.de\/index.php?rest_route=%2Fwp%2Fv2%2Fcomments&post=307"}],"version-history":[{"count":1,"href":"https:\/\/www.barbara-wenz.de\/index.php?rest_route=\/wp\/v2\/posts\/307\/revisions"}],"predecessor-version":[{"id":308,"href":"https:\/\/www.barbara-wenz.de\/index.php?rest_route=\/wp\/v2\/posts\/307\/revisions\/308"}],"wp:attachment":[{"href":"https:\/\/www.barbara-wenz.de\/index.php?rest_route=%2Fwp%2Fv2%2Fmedia&parent=307"}],"wp:term":[{"taxonomy":"category","embeddable":true,"href":"https:\/\/www.barbara-wenz.de\/index.php?rest_route=%2Fwp%2Fv2%2Fcategories&post=307"},{"taxonomy":"post_tag","embeddable":true,"href":"https:\/\/www.barbara-wenz.de\/index.php?rest_route=%2Fwp%2Fv2%2Ftags&post=307"}],"curies":[{"name":"wp","href":"https:\/\/api.w.org\/{rel}","templated":true}]}}