{"id":303,"date":"2017-03-24T17:53:02","date_gmt":"2017-03-24T15:53:02","guid":{"rendered":"http:\/\/www.barbara-wenz.de\/?p=303"},"modified":"2017-03-24T20:03:37","modified_gmt":"2017-03-24T18:03:37","slug":"303","status":"publish","type":"post","link":"https:\/\/www.barbara-wenz.de\/?p=303","title":{"rendered":"Die Botschaft von Fatima und ich"},"content":{"rendered":"<p>Ich bin ja von Haus eigentlich Protestantin und wohl unverd\u00e4chtig, gegen\u00fcber Marienerscheinungsorten anf\u00e4llig zu sein. Ich darf auch sagen, ich war schon oft genug an allen m\u00f6glichen heiligen Orten, Rom, Loreto, Assisi, Norcia, Cascia, Bari und San Giovanni Rotondo, bedeutendere und weniger bedeutende ohne Zahl.<br \/>\nFatima ist einzigartig. Dabei konnte ich nie wirklich etwas damit anfangen, bis ich endlich hier war. Wo ich mich zuhause noch jedes Mal \u00fcberwinden musste, endlich einmal wieder den Rosenkranz zu beten, ich lief in Fatima durch die Stra\u00dfen und lie\u00df die Perlen durch meine Finger gleiten, als w\u00fcrde ich Schwimmz\u00fcge machen. Es war so nat\u00fcrlich wie zu atmen.<br \/>\nNossa Senhora, sie ist da &#8211; niemand braucht sich etwas vorzumachen. Nat\u00fcrlich kann man das ignorieren, aber es \u00e4ndert nichts.<br \/>\nUnd noch etwas: Das Zeichen von Fatima ist auch ein Zeichen der unbedingten Liebe zum Papst. Bei allem Hader und Zwist, bei allem Unwohlsein, das ich manchmal auch teile &#8211; ein kleines Hirtenm\u00e4dchen, Jacinta Marto, machte es uns vor: Sie opferte erst Jesus und dann dem Heiligen Vater alles, ihre Gebete, ihr schweres Leiden, am Ende auch ihr Leben und ihr Sterben auf, um ihn zu unterst\u00fctzen (und nat\u00fcrlich, um die S\u00fcnder zu bekehren).<br \/>\nJa, sie hatte ja keine Ahnung, was der Heilige Vater alles falsch oder richtig machte. Darum ging es ihr auch gar nicht. Sie wusste nur, was er zu leiden hat, und das erfasste sie in ihrem winzig kleinen Herzen intuitiv. Nur ihr wird eine Vision zuteil, in der sie den Heiligen Vater einsam an einem Tisch sitzen und bitterlich weinen sieht \u00fcber die Zerst\u00f6rung der Welt und die Verfolgung der Kirche, w\u00e4hrend drau\u00dfen vor seinem Haus die Menschen ihn beschimpfen und Steine gegen die Mauern schleudern.<br \/>\nVermutlich ist das nicht das Bild, das uns beim Gedanken an den derzeitigen Heiligen Vater als erstes in den Sinn kommt &#8211; und dennoch wissen wir nicht, ob es nicht auch auf ihn zutrifft, auf einer Ebene, von der wir nichts wissen k\u00f6nnen.<br \/>\nDas M\u00e4dchen Jacinta, dessen Heiligsprechung zusammen mit der ihres Bruders Franciso \u00fcbrigens gestern angek\u00fcndigt wurde und von Papst Franziskus voraussichtlich bei seinem Besuch im Mai 2017 in Fatima vorgenommen wird, hat alles f\u00fcr Jesus und den Heiligen Vater gegeben &#8211; sogar das bittere Schicksal, ohne die Letzte Wegzehrung ganz alleingelassen in einem Krankenhaus in Lissabon, fern ihres Heimatortes, qualvoll an Rippenfellentz\u00fcndung zu sterben &#8211;  im Alter von kaum zehn Jahren, wie es ihr angek\u00fcndigt worden war.<br \/>\nWie kann ein so kleines M\u00e4dchen so viel von der Liebe wissen, m\u00fcssen wir uns, die wir uns doch als erwachsen bezeichnen und das Leben scheinbar so gut kennen, betroffen fragen, angesichts dieser kleinen portugiesischen Hyazinthe aus vergoldetem Stahl.<br \/>\nDie gro\u00dfe Fastenzeit ist immer eine besonders gnadenreiche, aber auch eine sehr unruhevolle Zeit &#8211; ein Blick in die Tagesschlagzeilen treibt uns immer wieder Tr\u00e4nen in die Augen. Auch dieses Jahr ist das so &#8211; aber da ist die Verhei\u00dfung von Fatima, und nach den hochfestlichen Ostertagen d\u00fcrfen wir am 13. Mai den hundersten Jahrestag der ersten Erscheinung Unserer Lieben Frau von Fatima begehen. Ihr unbeflecktes Herz, so hat sie uns durch die drei Seherkinder ausrichten lassen, wird unsere Zuflucht und zugleich der Weg sein, der uns zu Gott f\u00fchren wird.<br \/>\nWir d\u00fcrfen ihr vertrauen. Sie hat Jacinta und Francisco fr\u00fch zu sich geholt, wie sie es ihnen versprochen hat. Und durch die Weihe der Welt an ihr unbeflecktes Herz hat sich am Ende sogar Russland bekehrt. Was f\u00fcr ein ungeheuer machtvolles Zeichen, fast h\u00f6rt man die Jungfrau jubelnd das Magnifikat singen, w\u00e4hrend sie den Eisernen Vorhang zerrei\u00dft und Menschen auf der Berliner Mauer tanzen.<br \/>\nSie ist es, die hervorbricht wie die Morgenr\u00f6te, sch\u00f6n wie der Mond, auserw\u00e4hlt wie die Sonne und schrecklich wie Heerscharen, die uns diese Zusage gibt: Ihr Herz wird unsere Zuflucht sein, und durch ihr m\u00fctterliches Herz gelangen wir unter sicherem Geleit zu Jesus, unserem Herrn, der die Wahrheit und das Leben ist.<br \/>\nIn Ewigkeit. Amen.<\/p>\n","protected":false},"excerpt":{"rendered":"<p>Ich bin ja von Haus eigentlich Protestantin und wohl unverd\u00e4chtig, gegen\u00fcber Marienerscheinungsorten anf\u00e4llig zu sein. Ich darf auch sagen, ich war schon oft genug an allen m\u00f6glichen heiligen Orten, Rom, Loreto, Assisi, Norcia, Cascia, Bari und San Giovanni Rotondo, bedeutendere und weniger bedeutende ohne Zahl. Fatima ist einzigartig. Dabei konnte ich nie wirklich etwas damit [&hellip;]<\/p>\n","protected":false},"author":2,"featured_media":0,"comment_status":"open","ping_status":"closed","sticky":false,"template":"","format":"standard","meta":{"footnotes":""},"categories":[16],"tags":[156,155,158,159,157],"class_list":["post-303","post","type-post","status-publish","format-standard","hentry","category-heiligtum-der-besonderen-art","tag-fatima","tag-immaculata","tag-jacinta-marto","tag-seherkinder-von-fatima","tag-unbeflecktes-herz"],"_links":{"self":[{"href":"https:\/\/www.barbara-wenz.de\/index.php?rest_route=\/wp\/v2\/posts\/303","targetHints":{"allow":["GET"]}}],"collection":[{"href":"https:\/\/www.barbara-wenz.de\/index.php?rest_route=\/wp\/v2\/posts"}],"about":[{"href":"https:\/\/www.barbara-wenz.de\/index.php?rest_route=\/wp\/v2\/types\/post"}],"author":[{"embeddable":true,"href":"https:\/\/www.barbara-wenz.de\/index.php?rest_route=\/wp\/v2\/users\/2"}],"replies":[{"embeddable":true,"href":"https:\/\/www.barbara-wenz.de\/index.php?rest_route=%2Fwp%2Fv2%2Fcomments&post=303"}],"version-history":[{"count":3,"href":"https:\/\/www.barbara-wenz.de\/index.php?rest_route=\/wp\/v2\/posts\/303\/revisions"}],"predecessor-version":[{"id":306,"href":"https:\/\/www.barbara-wenz.de\/index.php?rest_route=\/wp\/v2\/posts\/303\/revisions\/306"}],"wp:attachment":[{"href":"https:\/\/www.barbara-wenz.de\/index.php?rest_route=%2Fwp%2Fv2%2Fmedia&parent=303"}],"wp:term":[{"taxonomy":"category","embeddable":true,"href":"https:\/\/www.barbara-wenz.de\/index.php?rest_route=%2Fwp%2Fv2%2Fcategories&post=303"},{"taxonomy":"post_tag","embeddable":true,"href":"https:\/\/www.barbara-wenz.de\/index.php?rest_route=%2Fwp%2Fv2%2Ftags&post=303"}],"curies":[{"name":"wp","href":"https:\/\/api.w.org\/{rel}","templated":true}]}}