{"id":164,"date":"2015-02-04T14:52:06","date_gmt":"2015-02-04T12:52:06","guid":{"rendered":"http:\/\/www.barbara-wenz.de\/?p=164"},"modified":"2015-02-04T14:52:06","modified_gmt":"2015-02-04T12:52:06","slug":"ausblick-auf-meine-naechsten-veroeffentlichungen","status":"publish","type":"post","link":"https:\/\/www.barbara-wenz.de\/?p=164","title":{"rendered":"Ausblick auf meine n\u00e4chsten Ver\u00f6ffentlichungen"},"content":{"rendered":"<p>Im <a href=\"http:\/\/www.pur-magazin.de\" target=\"_blank\">PUR-Magazin<\/a> Februar 2015<\/a> ist ein Kurzportr\u00e4t des Dominikanerordens erschienen, im <a href=\"http:\/\/www.vatican-magazin.de\" target=\"_blank\">Vatican-Magazin<\/a> Februar 2015 (kommt Mitte des Monats) habe ich \u00fcber die heilige Clothilde und Chlodwig, also die Merowinger und das Christentum geschrieben.<br \/>\nIn B\u00e4lde sollte mein Interview mit Torsten Hartung (&#8222;Du musst dran glauben&#8220;) plus Rezension seines unglaublich beeindruckenden Buches in der Tagespost erscheinen. Dort plane ich auch f\u00fcr die Reihe &#8222;Poeten, Priester und Propheten&#8220; einen Beitrag \u00fcber Karin Struck sowie \u00fcber Paul Claudel.<br \/>\nIch darf auch nochmal \u00fcber die preisg\u00fcnstige M\u00f6glichkeit hinweisen, die &#8222;<a href=\"http:\/\/www.die-tagespost.de\/2008\/index.php\" target=\"_blank\">Tagespost<\/a>&#8220; als ePaper f\u00fcr 14 Euro im Monat zu abonnieren.<br \/>\nAls n\u00e4chster Orden im Kurzportr\u00e4t ist dann der Karmel eingeplant, f\u00fcr das Vatican-Magazin als Heiligtum der besonderen Art die Basilika St. Kastor in Koblenz.<\/p>\n","protected":false},"excerpt":{"rendered":"<p>Im PUR-Magazin Februar 2015 ist ein Kurzportr\u00e4t des Dominikanerordens erschienen, im Vatican-Magazin Februar 2015 (kommt Mitte des Monats) habe ich \u00fcber die heilige Clothilde und Chlodwig, also die Merowinger und das Christentum geschrieben. In B\u00e4lde sollte mein Interview mit Torsten Hartung (&#8222;Du musst dran glauben&#8220;) plus Rezension seines unglaublich beeindruckenden Buches in der Tagespost erscheinen. [&hellip;]<\/p>\n","protected":false},"author":2,"featured_media":0,"comment_status":"open","ping_status":"closed","sticky":false,"template":"","format":"standard","meta":{"footnotes":""},"categories":[1,83],"tags":[85,34,146,87,88,86,84,6],"class_list":["post-164","post","type-post","status-publish","format-standard","hentry","category-allgemein","category-veroeffentlichungen","tag-basilika-st-kastor","tag-die-tagespost","tag-heiligtum-der-besonderen-art","tag-karin-struck","tag-karmel","tag-paul-claudel","tag-pur-magazin","tag-vatican-magazin"],"_links":{"self":[{"href":"https:\/\/www.barbara-wenz.de\/index.php?rest_route=\/wp\/v2\/posts\/164","targetHints":{"allow":["GET"]}}],"collection":[{"href":"https:\/\/www.barbara-wenz.de\/index.php?rest_route=\/wp\/v2\/posts"}],"about":[{"href":"https:\/\/www.barbara-wenz.de\/index.php?rest_route=\/wp\/v2\/types\/post"}],"author":[{"embeddable":true,"href":"https:\/\/www.barbara-wenz.de\/index.php?rest_route=\/wp\/v2\/users\/2"}],"replies":[{"embeddable":true,"href":"https:\/\/www.barbara-wenz.de\/index.php?rest_route=%2Fwp%2Fv2%2Fcomments&post=164"}],"version-history":[{"count":2,"href":"https:\/\/www.barbara-wenz.de\/index.php?rest_route=\/wp\/v2\/posts\/164\/revisions"}],"predecessor-version":[{"id":170,"href":"https:\/\/www.barbara-wenz.de\/index.php?rest_route=\/wp\/v2\/posts\/164\/revisions\/170"}],"wp:attachment":[{"href":"https:\/\/www.barbara-wenz.de\/index.php?rest_route=%2Fwp%2Fv2%2Fmedia&parent=164"}],"wp:term":[{"taxonomy":"category","embeddable":true,"href":"https:\/\/www.barbara-wenz.de\/index.php?rest_route=%2Fwp%2Fv2%2Fcategories&post=164"},{"taxonomy":"post_tag","embeddable":true,"href":"https:\/\/www.barbara-wenz.de\/index.php?rest_route=%2Fwp%2Fv2%2Ftags&post=164"}],"curies":[{"name":"wp","href":"https:\/\/api.w.org\/{rel}","templated":true}]}}