{"id":1440,"date":"2024-01-03T16:40:05","date_gmt":"2024-01-03T14:40:05","guid":{"rendered":"https:\/\/www.barbara-wenz.de\/?p=1440"},"modified":"2024-01-03T16:53:32","modified_gmt":"2024-01-03T14:53:32","slug":"rod-dreher-lebt-nicht-mit-der-luege","status":"publish","type":"post","link":"https:\/\/www.barbara-wenz.de\/?p=1440","title":{"rendered":"Rod Dreher: Lebt nicht mit der L\u00fcge"},"content":{"rendered":"<p><img loading=\"lazy\" decoding=\"async\" src=\"https:\/\/www.barbara-wenz.de\/wp-content\/uploads\/2024\/01\/81OUh73YJHL._SL1500_-198x300.jpg\" alt=\"\" width=\"198\" height=\"300\" class=\"align right\" size-medium wp-image-1441\" data-wp-pid=\"1441\" srcset=\"https:\/\/www.barbara-wenz.de\/wp-content\/uploads\/2024\/01\/81OUh73YJHL._SL1500_-198x300.jpg 198w, https:\/\/www.barbara-wenz.de\/wp-content\/uploads\/2024\/01\/81OUh73YJHL._SL1500_-674x1024.jpg 674w, https:\/\/www.barbara-wenz.de\/wp-content\/uploads\/2024\/01\/81OUh73YJHL._SL1500_-99x150.jpg 99w, https:\/\/www.barbara-wenz.de\/wp-content\/uploads\/2024\/01\/81OUh73YJHL._SL1500_-768x1166.jpg 768w, https:\/\/www.barbara-wenz.de\/wp-content\/uploads\/2024\/01\/81OUh73YJHL._SL1500_.jpg 988w\" sizes=\"auto, (max-width: 198px) 100vw, 198px\" \/><br \/>\nWer seinen Bestseller \u201eDie Benedikt Option\u201c gelesen hat, wei\u00df um die besondere F\u00e4higkeit dieses US-amerikanischen Autors, Menschen und Themen, die schon l\u00e4ngst vergangen und vergessen geglaubt wurden, f\u00fcr eine interessierte christliche Leserschaft in v\u00f6llig neue Zusammenh\u00e4nge zu setzen, die mit unserer Lebenswirklichkeit im 21. Jahrhundert eng verschr\u00e4nkt sind.<br \/>\nIn seinem j\u00fcngst im Media Maria Verlag auf Deutsch erschienen Buch bedient er sich einer Aufforderung des gro\u00dfartigen Schriftstellers, Literaturnobelpreistr\u00e4gers und Dissidenten Aleksander Solschenizyn: Lebt nicht mit der L\u00fcge! Unter Stalin wurde der mehrfach ausgezeichnete Hauptmann der Roten Armee wegen kritischer \u00c4u\u00dferungen \u00fcber den damaligen Pr\u00e4sidenten, die er einem Freund gegen\u00fcber t\u00e4tigte, von der Front weg verhaftet und ins GULAG geschickt. Die Erfahrungen dort von 1945 bis 1953 haben sein schriftstellerisches Werk zutiefst gepr\u00e4gt. Nach der Entlassung schickte man ihn in die Verbannung nach Kasachstan. In den Sechzigern erging es ihm vergleichsweise gut, es war die so genannte Tauwetter-Periode unter Chruschtschow, doch 1974 wurde er erneut wegen Landesverrat verhaftet \u2013 aufgrund der Ver\u00f6ffentlichung seines erratisch dastehenden Werkes \u201eArchipel Gulag\u201c. Wenige Tage nach der Verhaftung wird er nach Deutschland ausgeflogen und findet vor\u00fcbergehende Aufnahme bei Heinrich B\u00f6ll in K\u00f6ln. Es sollte dann noch \u00fcber 15 Jahre dauern, bis das System, gegen das der gl\u00fchende Patriot angek\u00e4mpft hatte, in sich zusammenbrach. Doch es war auch dieser Zusammenbruch, der diesen Ausnahmeschriftsteller besch\u00e4ftigte und belastete \u2013 und den er viel weniger als Befreiung sah, als viele im Westen. Was aber hat das alles mit uns heute \u00fcberhaupt noch zu tun? Das ist eine Geschichte aus einer versunkenen Welt, der Kalte Krieg ist vor\u00fcber, der Kommunismus und die Sowjetunion geh\u00f6ren zu tempi passati. Und \u00fcberhaupt haben Europa und die USA mittlerweile ganz andere Sorgen. Aber ist das wirklich so? Rod Dreher beschreibt in seiner Einleitung, dass ihn ein prominenter Arzt angerufen habe, dessen Mutter noch in der damaligen Tschechoslowakei aufgewachsen war. Sie sei<br \/>\nbesorgt um die Freiheit im Westen. Nun kann man das nat\u00fcrlich als Hirngespinst abtun. Aber Rod Dreher ging der Aussage nach. Wie alle anderen auch war er davon \u00fcberzeugt gewesen, dass mit dem Jahr 1989 der Totalitarismus beendet worden sei. Bis dieser Anruf kam. Und er ist auf viele Menschen gesto\u00dfen, die derzeit noch am Leben sind, und Zeugnis ablegen von dem \u201eharten\u201c Totalitarismus, wie Dreher ihn nennt und den frappierenden \u00c4hnlichkeiten zum heutigen \u201eweichen\u201c Totalitarismus mit seinen Denk- und Sprechverboten, seiner Wokeness, der fanatischen Transgender-Agenda und der so genannten Cancel Culture. Aber auch die totale \u00dcberwachung des B\u00fcrgers durch Datensammlungen via Kreditkarte, Smartphone, gezielte Auswertung von Google-Suchbegriffen des Nutzers, Facebook, X und Instagram, auf denen die Nutzer freiwillig private Daten offenbaren bis hin zur Lancierung von smarten Lautsprechern in Wohnungen bzw. H\u00e4usern wie Alexa usw. Letzteres \u00fcbrigens eine Tatsache, die von ehemaligen Dissidenten, deren Wohnungen von der \u00dcberwachungsbeh\u00f6rde verkabelt wurden, auf vollst\u00e4ndiges Unverst\u00e4ndnis st\u00f6\u00dft.<br \/>\nEine Beschreibung dieses Zustandes nimmt die erste H\u00e4lfte des Buches ein und Dreher schafft es, nicht nur eine zutreffende Analyse des Ist-Zustandes zu liefern, sondern auch die Aussagen und Zeugnisse von Menschen, die in kommunistischen Staaten bespitzelt, bedroht und verfolgt wurden, f\u00fcr die Nachgeborenen zu dokumentieren.<br \/>\nIn der zweiten H\u00e4lfte geht es um die Frage: Was tun angesichts dieser Realit\u00e4t des weichen Totalitarismus im vordergr\u00fcndig freien Westen?<br \/>\nDreher gibt hier analog zum Dissidententum im Ostblock Tipps an die Hand, die zun\u00e4chst banal klingen: Abseits der Masse leben, das kulturelle Ged\u00e4chtnis pflegen, Familien und religi\u00f6se Gemeinschaften zu R\u00fcckzugsorten machen etc. Die Lekt\u00fcre lohnt sich, auch wenn diese Hilfen auf den ersten Blick banal klingen m\u00f6gen, denn er bleibt nie theoretisch, sondern erz\u00e4hlt immer von realen Menschen und deren Erfahrungen, auf die er zur\u00fcckgreift \u2013 und hilft so zu einem gro\u00dfen Teil selbst mit, das kulturelle Ged\u00e4chtnis zu pflegen.<br \/>\nWer die 80er Jahre noch erlebt hat, mithin die \u00c4ra des Kalten Krieges, dem wird vieles bekannt vorkommen und in neuen Zusammenh\u00e4ngen aufgezeigt. Wer nach 1989 geboren wurde, kann aus diesem Buch mehr erfahren als aus manchen Geschichtsb\u00fcchern \u2013 n\u00e4mlich gro\u00dfartige Pers\u00f6nlichkeiten und Schriftsteller kennenlernen, sich vielleicht vertiefter mit ihnen besch\u00e4ftigen. Und das eigene selbstst\u00e4ndige Denken kultivieren.<\/p>\n<p>Rod Dreher: Lebt nicht mit der L\u00fcge<br \/>\nISBN 978-3-9479314-8-4<br \/>\n<a href=\"https:\/\/www.media-maria.de\/\" rel=\"noopener\" target=\"_blank\">Media Maria Verlag<\/a> Illertissen, 2023<\/p>\n","protected":false},"excerpt":{"rendered":"","protected":false},"author":2,"featured_media":0,"comment_status":"open","ping_status":"closed","sticky":false,"template":"","format":"standard","meta":{"footnotes":""},"categories":[1,52,196],"tags":[],"class_list":["post-1440","post","type-post","status-publish","format-standard","hentry","category-allgemein","category-buchbesprechungen","category-europa-wohin"],"_links":{"self":[{"href":"https:\/\/www.barbara-wenz.de\/index.php?rest_route=\/wp\/v2\/posts\/1440","targetHints":{"allow":["GET"]}}],"collection":[{"href":"https:\/\/www.barbara-wenz.de\/index.php?rest_route=\/wp\/v2\/posts"}],"about":[{"href":"https:\/\/www.barbara-wenz.de\/index.php?rest_route=\/wp\/v2\/types\/post"}],"author":[{"embeddable":true,"href":"https:\/\/www.barbara-wenz.de\/index.php?rest_route=\/wp\/v2\/users\/2"}],"replies":[{"embeddable":true,"href":"https:\/\/www.barbara-wenz.de\/index.php?rest_route=%2Fwp%2Fv2%2Fcomments&post=1440"}],"version-history":[{"count":4,"href":"https:\/\/www.barbara-wenz.de\/index.php?rest_route=\/wp\/v2\/posts\/1440\/revisions"}],"predecessor-version":[{"id":1445,"href":"https:\/\/www.barbara-wenz.de\/index.php?rest_route=\/wp\/v2\/posts\/1440\/revisions\/1445"}],"wp:attachment":[{"href":"https:\/\/www.barbara-wenz.de\/index.php?rest_route=%2Fwp%2Fv2%2Fmedia&parent=1440"}],"wp:term":[{"taxonomy":"category","embeddable":true,"href":"https:\/\/www.barbara-wenz.de\/index.php?rest_route=%2Fwp%2Fv2%2Fcategories&post=1440"},{"taxonomy":"post_tag","embeddable":true,"href":"https:\/\/www.barbara-wenz.de\/index.php?rest_route=%2Fwp%2Fv2%2Ftags&post=1440"}],"curies":[{"name":"wp","href":"https:\/\/api.w.org\/{rel}","templated":true}]}}