{"id":1426,"date":"2023-11-09T15:22:37","date_gmt":"2023-11-09T13:22:37","guid":{"rendered":"https:\/\/www.barbara-wenz.de\/?p=1426"},"modified":"2023-11-09T15:23:18","modified_gmt":"2023-11-09T13:23:18","slug":"gespraech-mit-dem-serbischen-bischof-andrej-von-wien-und-oesterreich","status":"publish","type":"post","link":"https:\/\/www.barbara-wenz.de\/?p=1426","title":{"rendered":"Gespr\u00e4ch mit dem serbischen Bischof Andrej von Wien und \u00d6sterreich"},"content":{"rendered":"<p>Seit einiger Zeit kooperiere ich mit CNA deutsch. Dort finden sich von mir nicht nur Artikel, die bereits in print erschienen sind, sondern auch eigenst\u00e4ndige Arbeiten und Reportagen.<\/p>\n<p>Anl\u00e4sslich der Weltsynode in Rom hatte ich ein interessantes <a href=\"https:\/\/de.catholicnewsagency.com\/news\/14356\/der-serbisch-orthodoxe-bischof-andrej-von-wien-und-die-okumene\">Gespr\u00e4ch mit dem serbisch-orthodoxen Bischof Andrej von Wien und \u00d6sterreich<\/a>, der der Meinung ist, dass uns eigentlich nur das Papstamt trennen w\u00fcrde und dieser Umstand \u00fcberwunden werden k\u00f6nne. <\/p>\n","protected":false},"excerpt":{"rendered":"<p>Seit einiger Zeit kooperiere ich mit CNA deutsch. Dort finden sich von mir nicht nur Artikel, die bereits in print erschienen sind, sondern auch eigenst\u00e4ndige Arbeiten und Reportagen. Anl\u00e4sslich der Weltsynode in Rom hatte ich ein interessantes Gespr\u00e4ch mit dem serbisch-orthodoxen Bischof Andrej von Wien und \u00d6sterreich, der der Meinung ist, dass uns eigentlich nur [&hellip;]<\/p>\n","protected":false},"author":2,"featured_media":0,"comment_status":"open","ping_status":"closed","sticky":false,"template":"","format":"standard","meta":{"footnotes":""},"categories":[121],"tags":[],"class_list":["post-1426","post","type-post","status-publish","format-standard","hentry","category-orthodoxe-kirche-2"],"_links":{"self":[{"href":"https:\/\/www.barbara-wenz.de\/index.php?rest_route=\/wp\/v2\/posts\/1426","targetHints":{"allow":["GET"]}}],"collection":[{"href":"https:\/\/www.barbara-wenz.de\/index.php?rest_route=\/wp\/v2\/posts"}],"about":[{"href":"https:\/\/www.barbara-wenz.de\/index.php?rest_route=\/wp\/v2\/types\/post"}],"author":[{"embeddable":true,"href":"https:\/\/www.barbara-wenz.de\/index.php?rest_route=\/wp\/v2\/users\/2"}],"replies":[{"embeddable":true,"href":"https:\/\/www.barbara-wenz.de\/index.php?rest_route=%2Fwp%2Fv2%2Fcomments&post=1426"}],"version-history":[{"count":2,"href":"https:\/\/www.barbara-wenz.de\/index.php?rest_route=\/wp\/v2\/posts\/1426\/revisions"}],"predecessor-version":[{"id":1428,"href":"https:\/\/www.barbara-wenz.de\/index.php?rest_route=\/wp\/v2\/posts\/1426\/revisions\/1428"}],"wp:attachment":[{"href":"https:\/\/www.barbara-wenz.de\/index.php?rest_route=%2Fwp%2Fv2%2Fmedia&parent=1426"}],"wp:term":[{"taxonomy":"category","embeddable":true,"href":"https:\/\/www.barbara-wenz.de\/index.php?rest_route=%2Fwp%2Fv2%2Fcategories&post=1426"},{"taxonomy":"post_tag","embeddable":true,"href":"https:\/\/www.barbara-wenz.de\/index.php?rest_route=%2Fwp%2Fv2%2Ftags&post=1426"}],"curies":[{"name":"wp","href":"https:\/\/api.w.org\/{rel}","templated":true}]}}