{"id":1395,"date":"2023-09-05T22:10:07","date_gmt":"2023-09-05T20:10:07","guid":{"rendered":"https:\/\/www.barbara-wenz.de\/?p=1395"},"modified":"2023-09-05T22:10:07","modified_gmt":"2023-09-05T20:10:07","slug":"wunderschoene-rueckmeldung-einer-leserin","status":"publish","type":"post","link":"https:\/\/www.barbara-wenz.de\/?p=1395","title":{"rendered":"Wundersch\u00f6ne R\u00fcckmeldung einer Leserin"},"content":{"rendered":"<p>>>Unsere Tochter hatte einigen Heiligen in Italien ihren Besuch f\u00fcr bestandene Klausuren versprochen, so nahmen wir das Buch \u201c<a href=\"https:\/\/www.barbara-wenz.de\/?page_id=12\" rel=\"noopener\" target=\"_blank\">Poetische Pilgerorte<\/a>\u201d, welches ich vor einigen Jahren komplett gelesen hatte und sehr positiv in Erinnerung hatte, zur Hand. Diesmal gebrauchten wir das Buch zum einen, um die beste Route zu legen, aber auch um weitere Informationen zu erhalten. Zum Beispiel wusste unsere Tochter zwar, dass die Heilige Rita Helferin f\u00fcr aussichtslose F\u00e4lle ist, aber nicht warum. Durch das lebendig beschriebene Leben dieser Heiligen im Buch, wurde uns das sofort bewusst.<br \/>\nNat\u00fcrlich konnten wir nicht alle im Buch beschriebenen Orte in 7 Tagen besuchen, aber einige extra Trips haben wir hinbekommen. Auf Loreto, beispielsweise, wurden wir nur Dank des Buches aufmerksam, und konnten es so mit unserem Besuch in Osimo verbinden.<br \/>\nAlle Geschichten sind so berichtet, dass es Lust macht, die dazugeh\u00f6rigen Orte zu besuchen.<br \/>\nEine Kleinigkeit, die an manchen Stellen noch sehr hilfreich gewesen w\u00e4re, w\u00e4ren Angaben zu Adressen, wie zum Beispiel der Kirchen, aber auch anderer Pl\u00e4tze, zum Beispiel wo man \u00d6ffnungszeiten erfragen kann, oder das Geburtshaus der Heiligen Maria Goretti. Mit Corinaldo sind wir wieder bei einem Dorf angekommen, welches wir ohne das Buch nicht besucht h\u00e4tten. Dort gefiel es uns so gut, dass wir drei Tage in Folge f\u00fcr einige Zeit dort waren.<br \/>\nAlles in allem hat dieses Buch unsere Reise sehr bereichert, und auch, wenn wir nicht alle Orte besuchen k\u00f6nnen, so sind wir definitiv f\u00fcr die Zukunft inspiriert.<<\n<\/br><br \/>\nIrene K.<br \/>\nAnmerkung: Ja, das mit den \u00d6ffnungszeiten ist t\u00fcckisch und \u00e4ndert sich auch st\u00e4ndig. Generell sollte man davon ausgehen, dass die eher kleineren Kirchen wie Osimo \u00fcber Mittag geschlossen haben. <\/p>\n","protected":false},"excerpt":{"rendered":"<p>>>Unsere Tochter hatte einigen Heiligen in Italien ihren Besuch f\u00fcr bestandene Klausuren versprochen, so nahmen wir das Buch \u201cPoetische Pilgerorte\u201d, welches ich vor einigen Jahren komplett gelesen hatte und sehr positiv in Erinnerung hatte, zur Hand. Diesmal gebrauchten wir das Buch zum einen, um die beste Route zu legen, aber auch um weitere Informationen zu [&hellip;]<\/p>\n","protected":false},"author":2,"featured_media":0,"comment_status":"open","ping_status":"closed","sticky":false,"template":"","format":"standard","meta":{"footnotes":""},"categories":[52,16,10,83],"tags":[],"class_list":["post-1395","post","type-post","status-publish","format-standard","hentry","category-buchbesprechungen","category-heiligtum-der-besonderen-art","category-meine-buecher","category-veroeffentlichungen"],"_links":{"self":[{"href":"https:\/\/www.barbara-wenz.de\/index.php?rest_route=\/wp\/v2\/posts\/1395","targetHints":{"allow":["GET"]}}],"collection":[{"href":"https:\/\/www.barbara-wenz.de\/index.php?rest_route=\/wp\/v2\/posts"}],"about":[{"href":"https:\/\/www.barbara-wenz.de\/index.php?rest_route=\/wp\/v2\/types\/post"}],"author":[{"embeddable":true,"href":"https:\/\/www.barbara-wenz.de\/index.php?rest_route=\/wp\/v2\/users\/2"}],"replies":[{"embeddable":true,"href":"https:\/\/www.barbara-wenz.de\/index.php?rest_route=%2Fwp%2Fv2%2Fcomments&post=1395"}],"version-history":[{"count":1,"href":"https:\/\/www.barbara-wenz.de\/index.php?rest_route=\/wp\/v2\/posts\/1395\/revisions"}],"predecessor-version":[{"id":1396,"href":"https:\/\/www.barbara-wenz.de\/index.php?rest_route=\/wp\/v2\/posts\/1395\/revisions\/1396"}],"wp:attachment":[{"href":"https:\/\/www.barbara-wenz.de\/index.php?rest_route=%2Fwp%2Fv2%2Fmedia&parent=1395"}],"wp:term":[{"taxonomy":"category","embeddable":true,"href":"https:\/\/www.barbara-wenz.de\/index.php?rest_route=%2Fwp%2Fv2%2Fcategories&post=1395"},{"taxonomy":"post_tag","embeddable":true,"href":"https:\/\/www.barbara-wenz.de\/index.php?rest_route=%2Fwp%2Fv2%2Ftags&post=1395"}],"curies":[{"name":"wp","href":"https:\/\/api.w.org\/{rel}","templated":true}]}}