{"id":1392,"date":"2023-09-04T18:38:07","date_gmt":"2023-09-04T16:38:07","guid":{"rendered":"https:\/\/www.barbara-wenz.de\/?p=1392"},"modified":"2023-09-04T18:42:07","modified_gmt":"2023-09-04T16:42:07","slug":"heute-waere-der-90-geburtstag-meiner-mutter","status":"publish","type":"post","link":"https:\/\/www.barbara-wenz.de\/?p=1392","title":{"rendered":"Heute w\u00e4re der 90. Geburtstag meiner Mutter"},"content":{"rendered":"<p>Wenn sie nicht 2015 an ALS verstorben w\u00e4re.<br \/>\nWie fast immer am 4. September herrscht Kaiserwetter. Es ist wundersch\u00f6n und angenehm, nicht zu hei\u00df.<br \/>\nIch habe sie heute auf dem Friedhof besucht &#8211; leider waren ihre Rosenst\u00f6cke zuhaus etwas geizig &#8211; sodass die mitgebrachte Rose leider mickrig ausfiel. Aber es h\u00e4tte ihr besser gefallen als jeder gekaufte Strau\u00df.<br \/>\nJa, Mama, die Schwalben waren sehr flei\u00dfig diesjahr, und wir haben bestimmt 30 minus eins in der Werkstatt gehabt \u00fcber die Saison. Minus eins, weil eine tot auf der Kellertreppe lag. Ich wei\u00df gar nicht, wem das mehr weh getan hat, dir oder mir.<br \/>\nJedenfalls poste ich dieses Requiem auf dich erneut. Und es hat zeitlose G\u00fcltigkeit.<\/p>\n<p>>>Die H\u00e4nde einer Mutter &#8211; kann man sie oft genug k\u00fcssen?<br \/>\nAls Mamma die eine Nacht noch zu Hause bei mir bleiben durfte, in der sie gestorben war, habe ich immer wieder ihre gefalteten, feinen, sehnigen, doch jetzt leblosen H\u00e4nde gek\u00fcsst.<br \/>\nJeden Tag denke ich daran, wie r\u00fchrig sie war, wie sie Blumen, Rosen, Stauden, Obstb\u00e4ume, Kaninchen, H\u00fchner, Enten, Truth\u00fchner, obdachlose Igel und verletzte Tauben, aus dem Nest gefallene Schwalbenjunge versorgt und geliebt hat. Ich stehe vor Gegenst\u00e4nden, die sie noch an Ort und Stelle gelegt hatte. Immer schaue ich in ihr Zimmer &#8211; als s\u00e4\u00dfe sie noch darin. Das Zimmer, in dem sie starb. Sie ist die dritte meiner Ahninnen, die dort den letzten Atemzug tat.<br \/>\nRatlos stehe ich vor dem Gewirr von \u00dcbert\u00f6pfen f\u00fcr Blumen, ihrem Sammelsurium von Gl\u00e4sern mit Schraubdeckel, in die sie noch so viele Quittengelees einmachen wollte. Den alten Waffeleisen. Dem antiquierten Rum-Topf. Der Dampfnudelpfanne. Alles von ihr eingepackt und gelagert im Keller. In der Tiefk\u00fchltruhe liegt noch ihr Lieblingseis aus der Zeit, als sie noch schlucken konnte.<\/p>\n<p>Die H\u00e4nde einer Mutter. K\u00fcsst sie, wenn ihr noch eine habt.<<\n\n<\/br> Ich liebe dich. Du fehlst so sehr.<\/p>\n","protected":false},"excerpt":{"rendered":"<p>Wenn sie nicht 2015 an ALS verstorben w\u00e4re. Wie fast immer am 4. September herrscht Kaiserwetter. Es ist wundersch\u00f6n und angenehm, nicht zu hei\u00df. Ich habe sie heute auf dem Friedhof besucht &#8211; leider waren ihre Rosenst\u00f6cke zuhaus etwas geizig &#8211; sodass die mitgebrachte Rose leider mickrig ausfiel. Aber es h\u00e4tte ihr besser gefallen als [&hellip;]<\/p>\n","protected":false},"author":2,"featured_media":0,"comment_status":"open","ping_status":"closed","sticky":false,"template":"","format":"standard","meta":{"footnotes":""},"categories":[1],"tags":[],"class_list":["post-1392","post","type-post","status-publish","format-standard","hentry","category-allgemein"],"_links":{"self":[{"href":"https:\/\/www.barbara-wenz.de\/index.php?rest_route=\/wp\/v2\/posts\/1392","targetHints":{"allow":["GET"]}}],"collection":[{"href":"https:\/\/www.barbara-wenz.de\/index.php?rest_route=\/wp\/v2\/posts"}],"about":[{"href":"https:\/\/www.barbara-wenz.de\/index.php?rest_route=\/wp\/v2\/types\/post"}],"author":[{"embeddable":true,"href":"https:\/\/www.barbara-wenz.de\/index.php?rest_route=\/wp\/v2\/users\/2"}],"replies":[{"embeddable":true,"href":"https:\/\/www.barbara-wenz.de\/index.php?rest_route=%2Fwp%2Fv2%2Fcomments&post=1392"}],"version-history":[{"count":2,"href":"https:\/\/www.barbara-wenz.de\/index.php?rest_route=\/wp\/v2\/posts\/1392\/revisions"}],"predecessor-version":[{"id":1394,"href":"https:\/\/www.barbara-wenz.de\/index.php?rest_route=\/wp\/v2\/posts\/1392\/revisions\/1394"}],"wp:attachment":[{"href":"https:\/\/www.barbara-wenz.de\/index.php?rest_route=%2Fwp%2Fv2%2Fmedia&parent=1392"}],"wp:term":[{"taxonomy":"category","embeddable":true,"href":"https:\/\/www.barbara-wenz.de\/index.php?rest_route=%2Fwp%2Fv2%2Fcategories&post=1392"},{"taxonomy":"post_tag","embeddable":true,"href":"https:\/\/www.barbara-wenz.de\/index.php?rest_route=%2Fwp%2Fv2%2Ftags&post=1392"}],"curies":[{"name":"wp","href":"https:\/\/api.w.org\/{rel}","templated":true}]}}