{"id":1382,"date":"2023-06-13T15:58:35","date_gmt":"2023-06-13T13:58:35","guid":{"rendered":"https:\/\/www.barbara-wenz.de\/?p=1382"},"modified":"2023-06-13T15:59:16","modified_gmt":"2023-06-13T13:59:16","slug":"lob-von-einem-werten-kollegen-fuer-meinen-vatikan-krimi","status":"publish","type":"post","link":"https:\/\/www.barbara-wenz.de\/?p=1382","title":{"rendered":"Lob von einem werten Kollegen f\u00fcr meinen Vatikan-Krimi"},"content":{"rendered":"<p>Alexander Hoffmann schrieb mir k\u00fcrzlich nach der Lekt\u00fcre des <a href=\"https:\/\/www.barbara-wenz.de\/?page_id=10\" rel=\"noopener\" target=\"_blank\">Farnese-Komplotts<\/a>:<\/p>\n<p>>>Liebe Frau Wenz,<br \/>\nvielen Dank f\u00fcr Ihren Roman, den ich gerne gelesen habe. Beeindruckend Ihre historischen Kenntnisse, zum Beispiel was die konkreten Lebensumst\u00e4nde der Menschen in der Antike und sp\u00e4ter betrifft, von den Vatikaninterna ganz abgesehen.<<\n\nAlexander Hoffmann ist Journalist und Schriftsteller, dazu noch preisgekr\u00f6nt, und lebt in Wei\u00dfenburg und in Frankfurt. <a href=\"https:\/\/hoffmannschreibt.de\/\" rel=\"noopener\" target=\"_blank\">Hier geht es zu seiner Homepage<\/a> mit der Vorstellung seiner Werke und seiner Person.<\/p>\n","protected":false},"excerpt":{"rendered":"<p>Alexander Hoffmann schrieb mir k\u00fcrzlich nach der Lekt\u00fcre des Farnese-Komplotts: >>Liebe Frau Wenz, vielen Dank f\u00fcr Ihren Roman, den ich gerne gelesen habe. Beeindruckend Ihre historischen Kenntnisse, zum Beispiel was die konkreten Lebensumst\u00e4nde der Menschen in der Antike und sp\u00e4ter betrifft, von den Vatikaninterna ganz abgesehen.<\/p>\n","protected":false},"author":2,"featured_media":0,"comment_status":"open","ping_status":"closed","sticky":false,"template":"","format":"standard","meta":{"footnotes":""},"categories":[1,20,10],"tags":[],"class_list":["post-1382","post","type-post","status-publish","format-standard","hentry","category-allgemein","category-das-farnese-komplott","category-meine-buecher"],"_links":{"self":[{"href":"https:\/\/www.barbara-wenz.de\/index.php?rest_route=\/wp\/v2\/posts\/1382","targetHints":{"allow":["GET"]}}],"collection":[{"href":"https:\/\/www.barbara-wenz.de\/index.php?rest_route=\/wp\/v2\/posts"}],"about":[{"href":"https:\/\/www.barbara-wenz.de\/index.php?rest_route=\/wp\/v2\/types\/post"}],"author":[{"embeddable":true,"href":"https:\/\/www.barbara-wenz.de\/index.php?rest_route=\/wp\/v2\/users\/2"}],"replies":[{"embeddable":true,"href":"https:\/\/www.barbara-wenz.de\/index.php?rest_route=%2Fwp%2Fv2%2Fcomments&post=1382"}],"version-history":[{"count":2,"href":"https:\/\/www.barbara-wenz.de\/index.php?rest_route=\/wp\/v2\/posts\/1382\/revisions"}],"predecessor-version":[{"id":1384,"href":"https:\/\/www.barbara-wenz.de\/index.php?rest_route=\/wp\/v2\/posts\/1382\/revisions\/1384"}],"wp:attachment":[{"href":"https:\/\/www.barbara-wenz.de\/index.php?rest_route=%2Fwp%2Fv2%2Fmedia&parent=1382"}],"wp:term":[{"taxonomy":"category","embeddable":true,"href":"https:\/\/www.barbara-wenz.de\/index.php?rest_route=%2Fwp%2Fv2%2Fcategories&post=1382"},{"taxonomy":"post_tag","embeddable":true,"href":"https:\/\/www.barbara-wenz.de\/index.php?rest_route=%2Fwp%2Fv2%2Ftags&post=1382"}],"curies":[{"name":"wp","href":"https:\/\/api.w.org\/{rel}","templated":true}]}}