{"id":1305,"date":"2023-01-08T15:26:14","date_gmt":"2023-01-08T13:26:14","guid":{"rendered":"https:\/\/www.barbara-wenz.de\/?p=1305"},"modified":"2023-01-08T15:26:14","modified_gmt":"2023-01-08T13:26:14","slug":"schneegloeckchen","status":"publish","type":"post","link":"https:\/\/www.barbara-wenz.de\/?p=1305","title":{"rendered":"Schneegl\u00f6ckchen"},"content":{"rendered":"<p>Sie sind jedes Jahr zuverl\u00e4ssig zur Stelle und bl\u00fchen gl\u00fccklicherweise auch ohne Schnee. Diese hier sind zumeist die allerersten, aber die auf dem Grab meiner Eltern bl\u00fchen auch schon. Ich habe welche gepflanzt, weil insbesondere mein Vater sie sehr geliebt hat.<\/p>\n<p><img loading=\"lazy\" decoding=\"async\" src=\"https:\/\/www.barbara-wenz.de\/wp-content\/uploads\/2023\/01\/IMG-20230108-WA00001-138x300.jpg\" alt=\"\" width=\"138\" height=\"300\" class=\"alignnone size-medium wp-image-1306\" data-wp-pid=\"1306\" srcset=\"https:\/\/www.barbara-wenz.de\/wp-content\/uploads\/2023\/01\/IMG-20230108-WA00001-138x300.jpg 138w, https:\/\/www.barbara-wenz.de\/wp-content\/uploads\/2023\/01\/IMG-20230108-WA00001-473x1024.jpg 473w, https:\/\/www.barbara-wenz.de\/wp-content\/uploads\/2023\/01\/IMG-20230108-WA00001-69x150.jpg 69w, https:\/\/www.barbara-wenz.de\/wp-content\/uploads\/2023\/01\/IMG-20230108-WA00001-709x1536.jpg 709w, https:\/\/www.barbara-wenz.de\/wp-content\/uploads\/2023\/01\/IMG-20230108-WA00001.jpg 738w\" sizes=\"auto, (max-width: 138px) 100vw, 138px\" \/><\/p>\n","protected":false},"excerpt":{"rendered":"<p>Sie sind jedes Jahr zuverl\u00e4ssig zur Stelle und bl\u00fchen gl\u00fccklicherweise auch ohne Schnee. Diese hier sind zumeist die allerersten, aber die auf dem Grab meiner Eltern bl\u00fchen auch schon. Ich habe welche gepflanzt, weil insbesondere mein Vater sie sehr geliebt hat.<\/p>\n","protected":false},"author":2,"featured_media":0,"comment_status":"open","ping_status":"closed","sticky":false,"template":"","format":"standard","meta":{"footnotes":""},"categories":[1],"tags":[],"class_list":["post-1305","post","type-post","status-publish","format-standard","hentry","category-allgemein"],"_links":{"self":[{"href":"https:\/\/www.barbara-wenz.de\/index.php?rest_route=\/wp\/v2\/posts\/1305","targetHints":{"allow":["GET"]}}],"collection":[{"href":"https:\/\/www.barbara-wenz.de\/index.php?rest_route=\/wp\/v2\/posts"}],"about":[{"href":"https:\/\/www.barbara-wenz.de\/index.php?rest_route=\/wp\/v2\/types\/post"}],"author":[{"embeddable":true,"href":"https:\/\/www.barbara-wenz.de\/index.php?rest_route=\/wp\/v2\/users\/2"}],"replies":[{"embeddable":true,"href":"https:\/\/www.barbara-wenz.de\/index.php?rest_route=%2Fwp%2Fv2%2Fcomments&post=1305"}],"version-history":[{"count":1,"href":"https:\/\/www.barbara-wenz.de\/index.php?rest_route=\/wp\/v2\/posts\/1305\/revisions"}],"predecessor-version":[{"id":1307,"href":"https:\/\/www.barbara-wenz.de\/index.php?rest_route=\/wp\/v2\/posts\/1305\/revisions\/1307"}],"wp:attachment":[{"href":"https:\/\/www.barbara-wenz.de\/index.php?rest_route=%2Fwp%2Fv2%2Fmedia&parent=1305"}],"wp:term":[{"taxonomy":"category","embeddable":true,"href":"https:\/\/www.barbara-wenz.de\/index.php?rest_route=%2Fwp%2Fv2%2Fcategories&post=1305"},{"taxonomy":"post_tag","embeddable":true,"href":"https:\/\/www.barbara-wenz.de\/index.php?rest_route=%2Fwp%2Fv2%2Ftags&post=1305"}],"curies":[{"name":"wp","href":"https:\/\/api.w.org\/{rel}","templated":true}]}}