{"id":1290,"date":"2022-12-23T21:03:39","date_gmt":"2022-12-23T19:03:39","guid":{"rendered":"https:\/\/www.barbara-wenz.de\/?p=1290"},"modified":"2022-12-23T21:04:43","modified_gmt":"2022-12-23T19:04:43","slug":"ich-wuensche-uns-allen","status":"publish","type":"post","link":"https:\/\/www.barbara-wenz.de\/?p=1290","title":{"rendered":"Ich w\u00fcnsche uns allen"},"content":{"rendered":"<p>ein gesegnetes, friedvolles und frohes Weihnachtsfest.<br \/>\nM\u00f6gen sie auch ihre Kirchen zusperren und nicht mehr beheizen, die gesegnete Weihnacht hat schon unendlich viele Kriege \u00fcberstanden, sie hat Pest und Cholera \u00fcberlebt.<br \/>\nWeihnachten, das ist das sch\u00f6nste Fest, das wir kennen. Kaum einer kann sich seinem Zauber entziehen, noch so widrige Zeitl\u00e4ufte und noch so unbegabte Prediger und Oberhirten k\u00f6nnen es nicht zerst\u00f6ren. Das Geheimnis von Weihnachten entzieht sich jenen, die es verwalten wollen, und der Zauber der Menschwerdung wird von jenen erfasst, die in ihren Herzen Kinder geblieben sind &#8211; wenigstens f\u00fcr diese eine Nacht.<br \/>\nDen Lesern und Leserinnen, die eine Christmette besuchen, w\u00fcnsche ich eine w\u00fcrdige Feier, die ganz auf das Mysterium der Menschwerdung fokussiert ist, ohne d\u00fcnnes Gelaber zur Tagespolitik oder mahnende Verweise auf den tristen Alltag. Es ist die Zeit zu feiern, die Zeit, zu teilen, nicht unseren Frust und unseren Verdruss, sondern all das Sch\u00f6ne, das wir tief in uns tragen. Vergessen wir nie, dass es eine junge Mutter mit ihrem Kind war, die die Welt aus der finstersten Nacht erl\u00f6st und daf\u00fcr gesorgt hat, dass unser Weihnachten jedes Jahr aufs Neue im tristesten Winter aufleuchtet und uns mit seinem Glanz tr\u00f6stet und ermutigt. In dieser Nacht sind wir alle staunende Hirten, die schl\u00e4frig um ihre Feuer gelagert vom Engel geweckt werden, der uns ein kosmisches Wunder der Liebe verk\u00fcndet. <\/p>\n<p>All das und noch mehr w\u00fcnsche ich uns allen.<\/p>\n<blockquote><p>Christnacht<\/p>\n<p>Wieder mit Fl\u00fcgeln, aus Sternen gewoben, senkst du herab dich, o heilige Nacht; was durch Jahrhunderte alles zerstoben, du noch bewahrst deine leuchtende Pracht. Ging auch der Welt schon der Heiland verloren, der sich dem Dunkel der Zeiten entrang, wird er doch immer aufs Neue geboren, nahst du, Geweihte, dem irdischen Drang. Selig durchschauernd kindliche Herzen, bist du des Glaubens s\u00fc\u00dfester Rest; fr\u00f6hlich begangen bei flammenden Kerzen, bist du das sch\u00f6nste, menschlichste Fest.<\/p><\/blockquote>\n<p>Ferdinand von Saar<\/p>\n","protected":false},"excerpt":{"rendered":"<p>ein gesegnetes, friedvolles und frohes Weihnachtsfest. M\u00f6gen sie auch ihre Kirchen zusperren und nicht mehr beheizen, die gesegnete Weihnacht hat schon unendlich viele Kriege \u00fcberstanden, sie hat Pest und Cholera \u00fcberlebt. Weihnachten, das ist das sch\u00f6nste Fest, das wir kennen. Kaum einer kann sich seinem Zauber entziehen, noch so widrige Zeitl\u00e4ufte und noch so unbegabte [&hellip;]<\/p>\n","protected":false},"author":2,"featured_media":0,"comment_status":"open","ping_status":"closed","sticky":false,"template":"","format":"standard","meta":{"footnotes":""},"categories":[1],"tags":[],"class_list":["post-1290","post","type-post","status-publish","format-standard","hentry","category-allgemein"],"_links":{"self":[{"href":"https:\/\/www.barbara-wenz.de\/index.php?rest_route=\/wp\/v2\/posts\/1290","targetHints":{"allow":["GET"]}}],"collection":[{"href":"https:\/\/www.barbara-wenz.de\/index.php?rest_route=\/wp\/v2\/posts"}],"about":[{"href":"https:\/\/www.barbara-wenz.de\/index.php?rest_route=\/wp\/v2\/types\/post"}],"author":[{"embeddable":true,"href":"https:\/\/www.barbara-wenz.de\/index.php?rest_route=\/wp\/v2\/users\/2"}],"replies":[{"embeddable":true,"href":"https:\/\/www.barbara-wenz.de\/index.php?rest_route=%2Fwp%2Fv2%2Fcomments&post=1290"}],"version-history":[{"count":2,"href":"https:\/\/www.barbara-wenz.de\/index.php?rest_route=\/wp\/v2\/posts\/1290\/revisions"}],"predecessor-version":[{"id":1292,"href":"https:\/\/www.barbara-wenz.de\/index.php?rest_route=\/wp\/v2\/posts\/1290\/revisions\/1292"}],"wp:attachment":[{"href":"https:\/\/www.barbara-wenz.de\/index.php?rest_route=%2Fwp%2Fv2%2Fmedia&parent=1290"}],"wp:term":[{"taxonomy":"category","embeddable":true,"href":"https:\/\/www.barbara-wenz.de\/index.php?rest_route=%2Fwp%2Fv2%2Fcategories&post=1290"},{"taxonomy":"post_tag","embeddable":true,"href":"https:\/\/www.barbara-wenz.de\/index.php?rest_route=%2Fwp%2Fv2%2Ftags&post=1290"}],"curies":[{"name":"wp","href":"https:\/\/api.w.org\/{rel}","templated":true}]}}