{"id":1253,"date":"2022-11-20T23:36:05","date_gmt":"2022-11-20T21:36:05","guid":{"rendered":"https:\/\/www.barbara-wenz.de\/?p=1253"},"modified":"2022-11-20T23:36:05","modified_gmt":"2022-11-20T21:36:05","slug":"das-phaenomen","status":"publish","type":"post","link":"https:\/\/www.barbara-wenz.de\/?p=1253","title":{"rendered":"Das Ph\u00e4nomen"},"content":{"rendered":"<p>Ein S\u00e4nger namens Shaman &#8211; das ist schon mal ein ziemlich bl\u00f6der Name &#8211; dazu auch noch mit blonden Dreadlocks, die ich &#8211; und nicht aus Gr\u00fcnden der &#8222;kulturellen Aneignung&#8220;  &#8211; reichlich daneben finde, kommt auf 20 Millionen Aufrufe bei Youtube.<br \/>\nShaman trifft offenbar den Nerv der Zeit au\u00dferhalb der westlichen Echokammer.<\/p>\n<p><iframe loading=\"lazy\" width=\"560\" height=\"315\" src=\"https:\/\/www.youtube.com\/embed\/FAPwIEWzqJE\" title=\"YouTube video player\" frameborder=\"0\" allow=\"accelerometer; autoplay; clipboard-write; encrypted-media; gyroscope; picture-in-picture\" allowfullscreen><\/iframe><\/p>\n","protected":false},"excerpt":{"rendered":"<p>Ein S\u00e4nger namens Shaman &#8211; das ist schon mal ein ziemlich bl\u00f6der Name &#8211; dazu auch noch mit blonden Dreadlocks, die ich &#8211; und nicht aus Gr\u00fcnden der &#8222;kulturellen Aneignung&#8220; &#8211; reichlich daneben finde, kommt auf 20 Millionen Aufrufe bei Youtube. Shaman trifft offenbar den Nerv der Zeit au\u00dferhalb der westlichen Echokammer.<\/p>\n","protected":false},"author":2,"featured_media":0,"comment_status":"open","ping_status":"closed","sticky":false,"template":"","format":"standard","meta":{"footnotes":""},"categories":[1],"tags":[],"class_list":["post-1253","post","type-post","status-publish","format-standard","hentry","category-allgemein"],"_links":{"self":[{"href":"https:\/\/www.barbara-wenz.de\/index.php?rest_route=\/wp\/v2\/posts\/1253","targetHints":{"allow":["GET"]}}],"collection":[{"href":"https:\/\/www.barbara-wenz.de\/index.php?rest_route=\/wp\/v2\/posts"}],"about":[{"href":"https:\/\/www.barbara-wenz.de\/index.php?rest_route=\/wp\/v2\/types\/post"}],"author":[{"embeddable":true,"href":"https:\/\/www.barbara-wenz.de\/index.php?rest_route=\/wp\/v2\/users\/2"}],"replies":[{"embeddable":true,"href":"https:\/\/www.barbara-wenz.de\/index.php?rest_route=%2Fwp%2Fv2%2Fcomments&post=1253"}],"version-history":[{"count":1,"href":"https:\/\/www.barbara-wenz.de\/index.php?rest_route=\/wp\/v2\/posts\/1253\/revisions"}],"predecessor-version":[{"id":1254,"href":"https:\/\/www.barbara-wenz.de\/index.php?rest_route=\/wp\/v2\/posts\/1253\/revisions\/1254"}],"wp:attachment":[{"href":"https:\/\/www.barbara-wenz.de\/index.php?rest_route=%2Fwp%2Fv2%2Fmedia&parent=1253"}],"wp:term":[{"taxonomy":"category","embeddable":true,"href":"https:\/\/www.barbara-wenz.de\/index.php?rest_route=%2Fwp%2Fv2%2Fcategories&post=1253"},{"taxonomy":"post_tag","embeddable":true,"href":"https:\/\/www.barbara-wenz.de\/index.php?rest_route=%2Fwp%2Fv2%2Ftags&post=1253"}],"curies":[{"name":"wp","href":"https:\/\/api.w.org\/{rel}","templated":true}]}}