{"id":119,"date":"2014-09-13T12:43:25","date_gmt":"2014-09-13T10:43:25","guid":{"rendered":"http:\/\/www.barbara-wenz.de\/?p=119"},"modified":"2016-08-31T22:36:29","modified_gmt":"2016-08-31T20:36:29","slug":"119","status":"publish","type":"post","link":"https:\/\/www.barbara-wenz.de\/?p=119","title":{"rendered":"Die Lorica des heiligen Patrick"},"content":{"rendered":"<p>[via <a href=\"http:\/\/www.evangeliumtagfuertag.org\/\">Evangelium Tag f\u00fcr Tag<\/a>]<\/p>\n<p>Hl. Patrick (um 385 &#8211; um 461), M\u00f6nch und Missionar, Bischof<\/p>\n<p>Heute g\u00fcrte ich mich mit der m\u00e4chtigen Kraft der Anrufung der Dreieinheit, des Glaubens an den einen und dreieinen Gott, den Sch\u00f6pfer des Universums.<\/p>\n<p>Heute g\u00fcrte ich mich mit der Kraft der Menschwerdung Christi und seiner Taufe, mit der Kraft seiner Kreuzigung und seiner Grablegung, mit der Kraft seiner Auferstehung und seiner Himmelfahrt, mit der Kraft seiner Wiederkunft am Tag des Gerichts.<br \/>\nHeute g\u00fcrte ich mich mit der Kraft der Liebe der Seraphim, des Gehorsams der Engel, des Dienstes der Erzengel, in der Hoffnung auf die Auferstehung im Hinblick auf den himmlischen Lohn, mit den Gebeten der Patriarchen, den Prophezeiungen der Propheten, der Predigt der Apostel, der Treue der Bekenner, der Unschuld der heiligen Jungfrauen, g\u00fcrte ich mich mit Taten aller Gerechten.<\/p>\n<p>Heute g\u00fcrte ich mich mit der Kraft der Himmel, mit dem Licht der Sonne, mit der Klarheit des Mondes, mit dem Schein des Feuers, dem Leuchten des Blitzes, mit der Schnelligkeit des Windes, mit der Tiefe des Meeres, mit der Standfestigkeit der Erde, mit der H\u00e4rte der Steine.<\/p>\n<p>Heute g\u00fcrte ich mich mit der Kraft Gottes, um mich leiten zu lassen, mit der Macht Gottes, um mich halten zu lassen, mit der Weisheit Gottes, um mich unterweisen zu lassen, mit dem Augen Gottes, um mich beh\u00fcten zu lassen, mit dem Ohr Gottes, um zu h\u00f6ren, mit dem Wort Gottes, um f\u00fcr mich zu reden, mit der Hand Gottes, um mich f\u00fchren zu lassen, mit dem Weg Gottes, um mir voranzugehen, mit dem Schild Gottes, um mich zu besch\u00fctzen, mit den Waffen Gottes, die mich den Fangnetzen der D\u00e4monen, der Verf\u00fchrungen durch die S\u00fcnden, den Neigungen der Natur und all jener, die mir B\u00f6ses wollen, entrei\u00dfen wollen&#8230;<\/p>\n<p>Christus mit mir, Christus vor mir, Christus hinter mir, Christus in mir, Christus unter mir, Christus \u00fcber mir, Christus mir zur Rechten, Christus mir zur Linken, Christus wenn ich aufstehe, Christus wenn ich schlafen gehe, Christus in jedem Herzen, das an mich denkt, Christus in jedem Mund, der mit mir spricht, Christus in jedem Auge, das mich anschaut, Christus in jedem Ohr, das mich h\u00f6rt.<\/p>\n<p>Heute g\u00fcrte ich mich mit der m\u00e4chtigen Kraft der Anrufung der Dreieinheit, des Glaubens an den einen und dreieinen Gott, den Sch\u00f6pfer des Universums.<\/p>\n<p>[<font size=1>Lorica oder auch Lorica-Gebet ist eine urspr\u00fcnglich aus vorchristlichen religi\u00f6sen Traditionen stammende Art des Segens- bzw. Schutzgebets. Der Begriff Lorica ist Lateinisch und bedeutet eigentlich Panzerung bzw. Brustpanzer. Mit diesem Begriff soll ausgedr\u00fcckt werden, dass die Worte des Gebets wie ein Panzer vor allem B\u00f6sen sch\u00fctzen sollen.<\/p>\n<p>Vor allem im keltischen Christentum bzw. der keltischen Kirche wurde die Lorica als Gebetsform gepflegt. Formal ist die Lorica als Hymne gestaltet und stellt daher eigentlich ein Schutzlied dar. Am bekanntesten ist die Lorica des heiligen Patrick. In Irland wird diese Lorica am Patrickstag sowohl bei der heiligen Messe als auch w\u00e4hrend der Parade gesungen. Der \u00dcberlieferung nach sollen der Heilige Patrick und seine Anh\u00e4nger dieses Gebet auf ihrem Weg nach Tara zum K\u00f6nig Laoghaire gesungen haben. Weniger bekannt ist dagegen die sog. Klosterneuburger Lorica. \/<a href=\"http:\/\/de.wikipedia.org\/wiki\/Lorica_%28Religion%29\">zitiert von Wikipedia<\/a> <\/font>]<\/p>\n","protected":false},"excerpt":{"rendered":"<p>[via Evangelium Tag f\u00fcr Tag] Hl. Patrick (um 385 &#8211; um 461), M\u00f6nch und Missionar, Bischof Heute g\u00fcrte ich mich mit der m\u00e4chtigen Kraft der Anrufung der Dreieinheit, des Glaubens an den einen und dreieinen Gott, den Sch\u00f6pfer des Universums. Heute g\u00fcrte ich mich mit der Kraft der Menschwerdung Christi und seiner Taufe, mit der [&hellip;]<\/p>\n","protected":false},"author":2,"featured_media":0,"comment_status":"open","ping_status":"closed","sticky":false,"template":"","format":"standard","meta":{"footnotes":""},"categories":[1],"tags":[4,149,45,46,44],"class_list":["post-119","post","type-post","status-publish","format-standard","hentry","category-allgemein","tag-heilige","tag-heiliger-patrick","tag-lorica","tag-schutzgebet","tag-st-patrick"],"_links":{"self":[{"href":"https:\/\/www.barbara-wenz.de\/index.php?rest_route=\/wp\/v2\/posts\/119","targetHints":{"allow":["GET"]}}],"collection":[{"href":"https:\/\/www.barbara-wenz.de\/index.php?rest_route=\/wp\/v2\/posts"}],"about":[{"href":"https:\/\/www.barbara-wenz.de\/index.php?rest_route=\/wp\/v2\/types\/post"}],"author":[{"embeddable":true,"href":"https:\/\/www.barbara-wenz.de\/index.php?rest_route=\/wp\/v2\/users\/2"}],"replies":[{"embeddable":true,"href":"https:\/\/www.barbara-wenz.de\/index.php?rest_route=%2Fwp%2Fv2%2Fcomments&post=119"}],"version-history":[{"count":4,"href":"https:\/\/www.barbara-wenz.de\/index.php?rest_route=\/wp\/v2\/posts\/119\/revisions"}],"predecessor-version":[{"id":243,"href":"https:\/\/www.barbara-wenz.de\/index.php?rest_route=\/wp\/v2\/posts\/119\/revisions\/243"}],"wp:attachment":[{"href":"https:\/\/www.barbara-wenz.de\/index.php?rest_route=%2Fwp%2Fv2%2Fmedia&parent=119"}],"wp:term":[{"taxonomy":"category","embeddable":true,"href":"https:\/\/www.barbara-wenz.de\/index.php?rest_route=%2Fwp%2Fv2%2Fcategories&post=119"},{"taxonomy":"post_tag","embeddable":true,"href":"https:\/\/www.barbara-wenz.de\/index.php?rest_route=%2Fwp%2Fv2%2Ftags&post=119"}],"curies":[{"name":"wp","href":"https:\/\/api.w.org\/{rel}","templated":true}]}}