{"id":1048,"date":"2022-01-02T16:06:40","date_gmt":"2022-01-02T14:06:40","guid":{"rendered":"https:\/\/www.barbara-wenz.de\/?p=1048"},"modified":"2022-01-02T16:06:40","modified_gmt":"2022-01-02T14:06:40","slug":"beitrag-zur-orthodoxen-roemisch-katholischen-oekumene","status":"publish","type":"post","link":"https:\/\/www.barbara-wenz.de\/?p=1048","title":{"rendered":"Beitrag zur orthodoxen-r\u00f6misch katholischen \u00d6kumene"},"content":{"rendered":"<p><img loading=\"lazy\" decoding=\"async\" src=\"https:\/\/www.barbara-wenz.de\/wp-content\/uploads\/2022\/01\/20220102_144657-300x300.jpg\" alt=\"\" width=\"300\" height=\"300\" align=\"right\"class=\"alignnone size-medium wp-image-1049\" data-wp-pid=\"1049\" srcset=\"https:\/\/www.barbara-wenz.de\/wp-content\/uploads\/2022\/01\/20220102_144657-300x300.jpg 300w, https:\/\/www.barbara-wenz.de\/wp-content\/uploads\/2022\/01\/20220102_144657-1024x1024.jpg 1024w, https:\/\/www.barbara-wenz.de\/wp-content\/uploads\/2022\/01\/20220102_144657-150x150.jpg 150w, https:\/\/www.barbara-wenz.de\/wp-content\/uploads\/2022\/01\/20220102_144657-768x768.jpg 768w, https:\/\/www.barbara-wenz.de\/wp-content\/uploads\/2022\/01\/20220102_144657-1536x1536.jpg 1536w, https:\/\/www.barbara-wenz.de\/wp-content\/uploads\/2022\/01\/20220102_144657-2048x2048.jpg 2048w, https:\/\/www.barbara-wenz.de\/wp-content\/uploads\/2022\/01\/20220102_144657-1200x1200.jpg 1200w\" sizes=\"auto, (max-width: 300px) 100vw, 300px\" \/>Das Titelbild des aktuellen Vatican-Magazins Ausgabe Januar ziert erfreulicherweise ein schwarz gewandeter Daniel Craig mit gezogener Waffe. Das ist jetzt schon das zweite Heft in Folge, mit dem Leserinnen verw\u00f6hnt werden, denn im Dezember schm\u00fcckte es ein Foto des charmant l\u00e4chelnden Erzbischof Georg G\u00e4nswein. <\/p>\n<p>Von mir ist ein Beitrag zur \u00d6kumene mit den russisch Orthodoxen erschienen. Und weil darin die Rede von Kutja ist, einem s\u00fc\u00dfen Brei, den es traditionell an Heiligabend gibt (der ja \u00fcbrigens ein strenger Fasttag noch ist), hier auch noch <a href=\"https:\/\/www.rbth.com\/russian-kitchen\/327154-kutia-main-christmas-russian-treat?fbclid=IwAR2PaDHBCsQwnqyJjy7c2ycIfyRfunjneJ4hTBcfwhjWwxQCz12fq5fgZ_o\" rel=\"noopener\" target=\"_blank\">das Rezept f\u00fcr echte russische Kutja<\/a>, denn das orthodoxe Weihnachtsfest steht ja bereits vor der T\u00fcr.<br \/>\nPaul Badde hat einen gro\u00dfartigen Beitrag zum 100. Taufjubil\u00e4um der heiligen Edith Stein geliefert.<br \/>\nDieses Jubil\u00e4um wurde \u00fcbrigens gestern feierlich in Bad Bergzabern begangen, wo auch noch das Taufbecken steht, an dem die sp\u00e4tere Heilige dieses Sakrament empfing. <\/p>\n","protected":false},"excerpt":{"rendered":"<p>Das Titelbild des aktuellen Vatican-Magazins Ausgabe Januar ziert erfreulicherweise ein schwarz gewandeter Daniel Craig mit gezogener Waffe. Das ist jetzt schon das zweite Heft in Folge, mit dem Leserinnen verw\u00f6hnt werden, denn im Dezember schm\u00fcckte es ein Foto des charmant l\u00e4chelnden Erzbischof Georg G\u00e4nswein. Von mir ist ein Beitrag zur \u00d6kumene mit den russisch Orthodoxen [&hellip;]<\/p>\n","protected":false},"author":2,"featured_media":0,"comment_status":"open","ping_status":"closed","sticky":false,"template":"","format":"standard","meta":{"footnotes":""},"categories":[121,83],"tags":[],"class_list":["post-1048","post","type-post","status-publish","format-standard","hentry","category-orthodoxe-kirche-2","category-veroeffentlichungen"],"_links":{"self":[{"href":"https:\/\/www.barbara-wenz.de\/index.php?rest_route=\/wp\/v2\/posts\/1048","targetHints":{"allow":["GET"]}}],"collection":[{"href":"https:\/\/www.barbara-wenz.de\/index.php?rest_route=\/wp\/v2\/posts"}],"about":[{"href":"https:\/\/www.barbara-wenz.de\/index.php?rest_route=\/wp\/v2\/types\/post"}],"author":[{"embeddable":true,"href":"https:\/\/www.barbara-wenz.de\/index.php?rest_route=\/wp\/v2\/users\/2"}],"replies":[{"embeddable":true,"href":"https:\/\/www.barbara-wenz.de\/index.php?rest_route=%2Fwp%2Fv2%2Fcomments&post=1048"}],"version-history":[{"count":3,"href":"https:\/\/www.barbara-wenz.de\/index.php?rest_route=\/wp\/v2\/posts\/1048\/revisions"}],"predecessor-version":[{"id":1053,"href":"https:\/\/www.barbara-wenz.de\/index.php?rest_route=\/wp\/v2\/posts\/1048\/revisions\/1053"}],"wp:attachment":[{"href":"https:\/\/www.barbara-wenz.de\/index.php?rest_route=%2Fwp%2Fv2%2Fmedia&parent=1048"}],"wp:term":[{"taxonomy":"category","embeddable":true,"href":"https:\/\/www.barbara-wenz.de\/index.php?rest_route=%2Fwp%2Fv2%2Fcategories&post=1048"},{"taxonomy":"post_tag","embeddable":true,"href":"https:\/\/www.barbara-wenz.de\/index.php?rest_route=%2Fwp%2Fv2%2Ftags&post=1048"}],"curies":[{"name":"wp","href":"https:\/\/api.w.org\/{rel}","templated":true}]}}