{"id":1024,"date":"2021-09-26T16:18:20","date_gmt":"2021-09-26T14:18:20","guid":{"rendered":"https:\/\/www.barbara-wenz.de\/?p=1024"},"modified":"2021-09-26T16:18:20","modified_gmt":"2021-09-26T14:18:20","slug":"geleitwort-zum-orthodoxen-orologion-von-kardinal-ratzinger","status":"publish","type":"post","link":"https:\/\/www.barbara-wenz.de\/?p=1024","title":{"rendered":"Geleitwort zum orthodoxen Orologion von Kardinal Ratzinger"},"content":{"rendered":"<p>D E R  E R Z B I S C H O F  V O N  M \u00dc N C H E N  U N D  F R E I S I N G<br \/>\nM\u00fcnchen,  den  2.  November  1981<br \/>\nGeleitwort<br \/>\nDie  seit  langem  bestehenden  Kontakte  zwischen  der  Orthodoxen  und  der  Katholischen  Kirche  k\u00f6nnen  nur  dann  fruchtbar  werden,  wenn  sie  sich  nicht  nur  auf  ein  Gespr\u00e4ch  unter   Theologen,  sondern  auf  die  Begegnung  unter  den  Gl\u00e4ubigen   beziehen,  besonders  da,  wo  eine  Kirche  sich  am  tiefsten  darstellt,  in  ihrer  Liturgie  und  im  Vollzug  ihres  Gebetes.<br \/>\nDie  vorliegende erste deutsche  Gesamtausgabe  des  orthodoxen   Stundengebetes  bietet  eine einmalige Gelegenheit,  den  \u00fcberreichen  Gebetsschatz  dieser  Kirche,  der  fr\u00fchchristlich  und  zugleich  gegenw\u00e4rtig  ist,  kennenzulernen.  In  diesen  Texten  zeigt  sich,  wie  die  Gezeiten  des  Tages,  der   Sonntage und  der Feste, Gebet  gewordener  Glaube sind, erf\u00fcllt  von  anbetender  Hingabe  an  die  Geheimnisse  des  Heils,  die   Gott  unter  uns  gewirkt  hat.<br \/>\nBesonders die Hymnen  zeigen eine Form  der Lobpreisung,  die   wie  eine  geistliche  Auslegung  der  Heiligen  Schrift wirkt,  stets   gebunden  an  die  dort  dargestellten  Ereignisse  der  Entfaltung   des  g\u00f6ttlichen  Planes  mit  seiner  Welt.  Gerne  m\u00f6chte  ich  die vorliegende  Herausgabe  dieses  Stundengebetes,  die  uns  so  gro\u00dfe  Sch\u00e4tze  er\u00f6ffnet, herzlich  begr\u00fc\u00dfen   und  empfehlen.  <\/p>\n<p>(Josef  Cardinal  Ratzinger) <\/p>\n<p>[Er war schon immer ein Poet auf der Kathedra. Vielleicht darum so oft unverstanden. Die Leute wollen keine Poesie, sie wollen keine Mysterien, sie wollen keine Wunder, sie wollen keine Heiligen. Sie wollen Gremien, wichtigtuerische Debatten und Regenbogenfahnen als das h\u00f6chste der \u00e4sthetischen Gef\u00fchle. Dabei merken sie nicht mal, dass der ideologische Regenbogen der umgekehrt-nat\u00fcrliche in der Farbabfolge ist. Das hat \u00fcbrigens seine eigene, bislang wohl unbemerkte Bedeutung.] <\/p>\n","protected":false},"excerpt":{"rendered":"<p>D E R E R Z B I S C H O F V O N M \u00dc N C H E N U N D F R E I S I N G M\u00fcnchen, den 2. November 1981 Geleitwort Die seit langem bestehenden Kontakte zwischen der Orthodoxen und der Katholischen Kirche k\u00f6nnen nur dann [&hellip;]<\/p>\n","protected":false},"author":2,"featured_media":0,"comment_status":"open","ping_status":"closed","sticky":false,"template":"","format":"standard","meta":{"footnotes":""},"categories":[203,121],"tags":[],"class_list":["post-1024","post","type-post","status-publish","format-standard","hentry","category-glosse","category-orthodoxe-kirche-2"],"_links":{"self":[{"href":"https:\/\/www.barbara-wenz.de\/index.php?rest_route=\/wp\/v2\/posts\/1024","targetHints":{"allow":["GET"]}}],"collection":[{"href":"https:\/\/www.barbara-wenz.de\/index.php?rest_route=\/wp\/v2\/posts"}],"about":[{"href":"https:\/\/www.barbara-wenz.de\/index.php?rest_route=\/wp\/v2\/types\/post"}],"author":[{"embeddable":true,"href":"https:\/\/www.barbara-wenz.de\/index.php?rest_route=\/wp\/v2\/users\/2"}],"replies":[{"embeddable":true,"href":"https:\/\/www.barbara-wenz.de\/index.php?rest_route=%2Fwp%2Fv2%2Fcomments&post=1024"}],"version-history":[{"count":1,"href":"https:\/\/www.barbara-wenz.de\/index.php?rest_route=\/wp\/v2\/posts\/1024\/revisions"}],"predecessor-version":[{"id":1025,"href":"https:\/\/www.barbara-wenz.de\/index.php?rest_route=\/wp\/v2\/posts\/1024\/revisions\/1025"}],"wp:attachment":[{"href":"https:\/\/www.barbara-wenz.de\/index.php?rest_route=%2Fwp%2Fv2%2Fmedia&parent=1024"}],"wp:term":[{"taxonomy":"category","embeddable":true,"href":"https:\/\/www.barbara-wenz.de\/index.php?rest_route=%2Fwp%2Fv2%2Fcategories&post=1024"},{"taxonomy":"post_tag","embeddable":true,"href":"https:\/\/www.barbara-wenz.de\/index.php?rest_route=%2Fwp%2Fv2%2Ftags&post=1024"}],"curies":[{"name":"wp","href":"https:\/\/api.w.org\/{rel}","templated":true}]}}